{"id":37795,"date":"2025-09-24T02:35:46","date_gmt":"2025-09-24T02:35:46","guid":{"rendered":"https:\/\/radiocresatelital.com\/?p=37795"},"modified":"2025-09-24T02:35:46","modified_gmt":"2025-09-24T02:35:46","slug":"pescadores-apuestan-por-el-dialogo-y-rechazan-el-paro-noboa-fortalece-acuerdos-productivos-en-latacunga","status":"publish","type":"post","link":"https:\/\/radiocresatelital.com\/?p=37795","title":{"rendered":"Pescadores apuestan por el di\u00e1logo y rechazan el paro: Noboa fortalece acuerdos productivos en Latacunga"},"content":{"rendered":"<p>Latacunga.-\u00a0El Presidente de la Rep\u00fablica, Daniel Noboa Azin,\u00a0acompa\u00f1ado por la Ministra de Gobierno, Zaida Rovira, mantuvo un encuentro en Latacunga con representantes del gremio de pescadores que decidieron no sumarse al paro convocado por algunos sectores.<\/p>\n<p>Los pescadores apostaron por el di\u00e1logo y la apertura que impulsa el Nuevo Ecuador. Durante la reuni\u00f3n, el Primer Mandatario escuch\u00f3 sus solicitudes y planteamientos con el objetivo de alcanzar acuerdos que beneficien directamente al sector y fortalezcan la producci\u00f3n nacional.<\/p>\n<p>En este espacio participaron delegados que ven\u00edan en representaci\u00f3n de Posorja, Esmeraldas y Santa Elena, pertenecientes al segmento \u201cotras pesquer\u00edas\u201d, quienes reafirmaron su voluntad de trabajar junto al Gobierno.<\/p>\n<p>Este encuentro es una muestra de que el di\u00e1logo rompe barreras y elimina conflictos, abriendo oportunidades para construir soluciones conjuntas. No es el caos, ni los bloqueos lo que marca el futuro del pa\u00eds, sino el encuentro directo entre autoridades y ciudadanos.<\/p>\n<p>El Gobierno Nacional ratifica que el Ecuador no retrocede: necesita a su gente unida, trabajando, produciendo y defendiendo la estabilidad.<\/p>\n","protected":false},"excerpt":{"rendered":"<p>Latacunga.-\u00a0El Presidente de la Rep\u00fablica, Daniel Noboa Azin,\u00a0acompa\u00f1ado por la Ministra de Gobierno, Zaida Rovira, mantuvo un encuentro en Latacunga con representantes del gremio de pescadores que decidieron no sumarse al paro convocado por algunos sectores. Los pescadores apostaron por el di\u00e1logo y la apertura que impulsa el Nuevo Ecuador. Durante la reuni\u00f3n, el Primer [&hellip;]<\/p>\n","protected":false},"author":2,"featured_media":37796,"comment_status":"open","ping_status":"closed","sticky":false,"template":"","format":"standard","meta":{"_jetpack_memberships_contains_paid_content":false,"footnotes":""},"categories":[13],"tags":[1322],"class_list":["post-37795","post","type-post","status-publish","format-standard","has-post-thumbnail","hentry","category-noticias-nacionales","tag-presidente-daniel-noboa"],"jetpack_featured_media_url":"https:\/\/radiocresatelital.com\/wp-content\/uploads\/2025\/09\/192c31bf-0949-46e0-97f1-6eb4f17cb633.jpeg","jetpack_sharing_enabled":true,"_links":{"self":[{"href":"https:\/\/radiocresatelital.com\/index.php?rest_route=\/wp\/v2\/posts\/37795","targetHints":{"allow":["GET"]}}],"collection":[{"href":"https:\/\/radiocresatelital.com\/index.php?rest_route=\/wp\/v2\/posts"}],"about":[{"href":"https:\/\/radiocresatelital.com\/index.php?rest_route=\/wp\/v2\/types\/post"}],"author":[{"embeddable":true,"href":"https:\/\/radiocresatelital.com\/index.php?rest_route=\/wp\/v2\/users\/2"}],"replies":[{"embeddable":true,"href":"https:\/\/radiocresatelital.com\/index.php?rest_route=%2Fwp%2Fv2%2Fcomments&post=37795"}],"version-history":[{"count":1,"href":"https:\/\/radiocresatelital.com\/index.php?rest_route=\/wp\/v2\/posts\/37795\/revisions"}],"predecessor-version":[{"id":37797,"href":"https:\/\/radiocresatelital.com\/index.php?rest_route=\/wp\/v2\/posts\/37795\/revisions\/37797"}],"wp:featuredmedia":[{"embeddable":true,"href":"https:\/\/radiocresatelital.com\/index.php?rest_route=\/wp\/v2\/media\/37796"}],"wp:attachment":[{"href":"https:\/\/radiocresatelital.com\/index.php?rest_route=%2Fwp%2Fv2%2Fmedia&parent=37795"}],"wp:term":[{"taxonomy":"category","embeddable":true,"href":"https:\/\/radiocresatelital.com\/index.php?rest_route=%2Fwp%2Fv2%2Fcategories&post=37795"},{"taxonomy":"post_tag","embeddable":true,"href":"https:\/\/radiocresatelital.com\/index.php?rest_route=%2Fwp%2Fv2%2Ftags&post=37795"}],"curies":[{"name":"wp","href":"https:\/\/api.w.org\/{rel}","templated":true}]}}