{"id":3779,"date":"2023-09-06T22:19:15","date_gmt":"2023-09-06T22:19:15","guid":{"rendered":"https:\/\/radiocresatelital.com\/?p=3779"},"modified":"2023-09-06T22:33:19","modified_gmt":"2023-09-06T22:33:19","slug":"alcaldia-ciudadana-impulsa-alianza-para-el-desarrollo-y-transformacion-digital-con-su-pacto-ciudadano-por-el-talento-de-guayaquil","status":"publish","type":"post","link":"https:\/\/radiocresatelital.com\/?p=3779","title":{"rendered":"Alcald\u00eda Ciudadana impulsa alianza para el desarrollo y transformaci\u00f3n digital con su \u00abPacto Ciudadano por el talento de Guayaquil\u201d"},"content":{"rendered":"<p>Guayaquil.- Este mi\u00e8rcoles, se present\u00f3 el \u00abPacto Ciudadano por el Talento de Guayaquil\u201d, una iniciativa de \u00c9PICO EP, que engloba una estrategia integral que combina: formaci\u00f3n, conexi\u00f3n laboral y financiamiento en pro del desarrollo y transformaci\u00f3n digital de la ciudad.<\/p>\n<p>La Alcaldia ciudadana, a trav\u00e9s de la Empresa P\u00fablica \u00c9pico EP y m\u00e1s de 50 representantes de la academia, empresas privadas e instituciones de apoyo y gremios son parte de este Pacto que tiene como objetivo dise\u00f1ar, operar y gestionar programas de formaci\u00f3n t\u00e9cnica, mecanismos de financiaci\u00f3n y alianzas estrat\u00e9gicas que formar\u00e1n profesionales calificados seg\u00fan las necesidades de la industria tecnol\u00f3gica en Guayaquil.<\/p>\n<p>\u201cHoy, se marca un hito. Hoy, inicia una nueva era. El Pacto Ciudadano por el talento de GYE es un programa que involucra la triple h\u00e9lice: La<br \/>\nacademia, la empresa privada y la empresa p\u00f9blica y, es que cuando hablamos de un objetivo en com\u00fan, de un objetivo ciudad, de un objetivo pa\u00eds, no hay manera de hacerlo solo, necesitamos el compromiso de todos\u201d asegur\u00f3 Alejandro Cede\u00f1o, Gerente General de \u00c8PICO.<\/p>\n<p>Esta alianza estrat\u00e9gica beneficia a m\u00e1s de 120.000 ciudadanos en habilidades digitales b\u00e1sicas, intermedias y avanzadas en los pr\u00f3ximos 4<br \/>\na\u00f1os. Adem\u00e1s permite, la creaci\u00f3n de al menos 20.000 talentos con habilidades medias y 5.000 con habilidades avanzadas. Adem\u00e1s, se<br \/>\nprev\u00e9 generar 1.200 nuevas plazas de trabajo espec\u00edficas para j\u00f3venes, contribuyendo al crecimiento econ\u00f3mico de la regi\u00f3n.<\/p>\n<p>El evento cont\u00f3 con la presencia del Presidente del Directorio, Vito Mu\u00f1oz, el concejal de Guayaquil, Jorge Rodr\u00edguez, rectores de universidades y centros de capacitaci\u00f3n de la ciudad y representantes de empresas privadas como: Globant, Payphone, Tipti y Bioexperta,<br \/>\nquien defini\u00f3 al Pacto Ciudadano como \u201cLa oportunidad de generar empleo digital\u201d.<\/p>\n<p>\u00abEl Pacto Ciudadano por el Talento de Guayaquil\u201d aporta al desarrollo humano y profesional. Adem\u00e1s nos acerca cada vez m\u00e1s a la transformaci\u00f3n digital de nuestra ciudad, Guayaquil, objetivo principal de la Alcald\u00eca Ciudadana.<\/p>\n<p>Las empresas privadas que forman parte de este pacto tendr\u00e1n acceso a una plataforma \u00fanica para contribuir al crecimiento econ\u00f3mico y al<br \/>\ndesarrollo humano integral en la ciudad, de las siguientes formas:<\/p>\n<p>\u2022 Contribuci\u00f3n a la Formaci\u00f3n T\u00e9cnica: Mediante la colaboraci\u00f3n en la creaci\u00f3n y desarrollo de programas de formaci\u00f3n en habilidades<br \/>\ndigitales y tecnol\u00f3gicas.<\/p>\n<p>\u2022 Participaci\u00f3n en la Bolsa de Empleo Tecnol\u00f3gico: Al conectarse directamente con los graduados del proyecto, las empresas pueden acceder a una fuente de talento calificado, reducir el tiempo y los recursos dedicados al proceso de selecci\u00f3n y entrenamiento.<\/p>\n<p>\u2022 Mentor\u00eda y Apoyo Financiero: Pueden brindar mentor\u00eda a los participantes, compartiendo su experiencia y conocimientos en la industria tecnol\u00f3gica. Adem\u00e1s, al ofrecer apoyo financiero, se puede fortalecer el acceso a la formaci\u00f3n para aquellos que enfrentan barreras econ\u00f3micas.<\/p>\n<p>\u2022 Desarrollo de Cursos y Contenido: Colaborar en la creaci\u00f3n de contenido educativo y cursos de formaci\u00f3n, permitiendo que la empresa influya en la calidad y relevancia de la educaci\u00f3n ofrecida a los participantes.<\/p>\n<p>\u2022 Fortalecer su Imagen Corporativa: Al ser parte de esta Pacto, se demostrar\u00e1 el compromiso con el desarrollo sostenible de la comunidad. Esto reforzar\u00e1 la imagen como un actor socialmente responsable y preocupado por el bienestar de Guayaquil.<\/p>\n","protected":false},"excerpt":{"rendered":"<p>Guayaquil.- Este mi\u00e8rcoles, se present\u00f3 el \u00abPacto Ciudadano por el Talento de Guayaquil\u201d, una iniciativa de \u00c9PICO EP, que engloba una estrategia integral que combina: formaci\u00f3n, conexi\u00f3n laboral y financiamiento en pro del desarrollo y transformaci\u00f3n digital de la ciudad. La Alcaldia ciudadana, a trav\u00e9s de la Empresa P\u00fablica \u00c9pico EP y m\u00e1s de 50 [&hellip;]<\/p>\n","protected":false},"author":2,"featured_media":3782,"comment_status":"open","ping_status":"closed","sticky":false,"template":"","format":"standard","meta":{"_jetpack_memberships_contains_paid_content":false,"footnotes":""},"categories":[33,13],"tags":[723],"class_list":["post-3779","post","type-post","status-publish","format-standard","has-post-thumbnail","hentry","category-guayaquil","category-noticias-nacionales","tag-pacto-ciudadano-por-el-talento-de-guayaquil"],"jetpack_featured_media_url":"https:\/\/radiocresatelital.com\/wp-content\/uploads\/2023\/09\/WhatsApp-Image-2021-07-23-at-17.38.34.jpeg","jetpack_sharing_enabled":true,"_links":{"self":[{"href":"https:\/\/radiocresatelital.com\/index.php?rest_route=\/wp\/v2\/posts\/3779","targetHints":{"allow":["GET"]}}],"collection":[{"href":"https:\/\/radiocresatelital.com\/index.php?rest_route=\/wp\/v2\/posts"}],"about":[{"href":"https:\/\/radiocresatelital.com\/index.php?rest_route=\/wp\/v2\/types\/post"}],"author":[{"embeddable":true,"href":"https:\/\/radiocresatelital.com\/index.php?rest_route=\/wp\/v2\/users\/2"}],"replies":[{"embeddable":true,"href":"https:\/\/radiocresatelital.com\/index.php?rest_route=%2Fwp%2Fv2%2Fcomments&post=3779"}],"version-history":[{"count":1,"href":"https:\/\/radiocresatelital.com\/index.php?rest_route=\/wp\/v2\/posts\/3779\/revisions"}],"predecessor-version":[{"id":3783,"href":"https:\/\/radiocresatelital.com\/index.php?rest_route=\/wp\/v2\/posts\/3779\/revisions\/3783"}],"wp:featuredmedia":[{"embeddable":true,"href":"https:\/\/radiocresatelital.com\/index.php?rest_route=\/wp\/v2\/media\/3782"}],"wp:attachment":[{"href":"https:\/\/radiocresatelital.com\/index.php?rest_route=%2Fwp%2Fv2%2Fmedia&parent=3779"}],"wp:term":[{"taxonomy":"category","embeddable":true,"href":"https:\/\/radiocresatelital.com\/index.php?rest_route=%2Fwp%2Fv2%2Fcategories&post=3779"},{"taxonomy":"post_tag","embeddable":true,"href":"https:\/\/radiocresatelital.com\/index.php?rest_route=%2Fwp%2Fv2%2Ftags&post=3779"}],"curies":[{"name":"wp","href":"https:\/\/api.w.org\/{rel}","templated":true}]}}