{"id":37778,"date":"2025-09-23T22:33:59","date_gmt":"2025-09-23T22:33:59","guid":{"rendered":"https:\/\/radiocresatelital.com\/?p=37778"},"modified":"2025-09-23T22:34:08","modified_gmt":"2025-09-23T22:34:08","slug":"cuando-los-gads-obramos-en-equipo-podemos-concretar-proyectos-enormes-como-el-rescate-de-la-cuenca-del-rio-guayas-afirma-la-prefecta-marcela-aguinaga","status":"publish","type":"post","link":"https:\/\/radiocresatelital.com\/?p=37778","title":{"rendered":"\u201cCuando los GAD\u2019s obramos en equipo podemos concretar proyectos enormes, como el rescate de la cuenca del r\u00edo Guayas\u201d, afirma la prefecta Marcela Agui\u00f1aga"},"content":{"rendered":"<p><span style=\"font-weight: 400;\">Quito.- El alcance de las obras y acciones de la prefecta Marcela Agui\u00f1aga al frente del Gobierno Provincial del Guayas son un referente no solo a nivel local sino tambi\u00e9n internacional. Es por esta raz\u00f3n que intervino como una de los principales exponentes en el conversatorio de alto nivel del Reporte de Econom\u00eda y Desarrollo (RED) 2025, que se desarroll\u00f3 en la ciudad de Quito, junto a otras autoridades del pa\u00eds. En esta actividad se abordaron varios asuntos de inter\u00e9s p\u00fablico, teniendo como tem\u00e1tica central \u201cSoluciones cercanas: el papel de los gobiernos locales y regionales en Am\u00e9rica Latina y el Caribe\u201d.<\/span><\/p>\n<p><span style=\"font-weight: 400;\">\u201cCuando los GAD\u2019s obramos en equipo, podemos concretar proyectos enormes, como el rescate de la cuenca del r\u00edo Guayas. Nuestra relaci\u00f3n con CAF ha permitido demostrar que tenemos capacidades institucionales, pero m\u00e1s all\u00e1 de eso recibimos asistencias t\u00e9cnicas que nos permiten generar proyectos enormes\u201d, destac\u00f3 Agui\u00f1aga durante el evento organizado por el Banco de Desarrollo de Am\u00e9rica Latina y el Caribe, en la capital. De esta manera, resalt\u00f3 especialmente el valor de la autonom\u00eda y descentralizaci\u00f3n en el desarrollo de las comunidades.\u00a0<\/span><\/p>\n<p><span style=\"font-weight: 400;\">Como parte de su agenda de actividades, en los \u00faltimos d\u00edas, la prefecta Agui\u00f1aga se desplaz\u00f3 hasta la ciudad de Bogot\u00e1, en Colombia. En este pa\u00eds, se realiz\u00f3 el foro del Encuentro \u201cExperiencias de gesti\u00f3n del tiempo en los sistemas del cuidado\u201d, liderado por el Gobierno de Catalu\u00f1a en los Estados Andinos. \u201cHablar hoy del Sistema de Cuidado del Guayas es hablar de una experiencia pionera en el Ecuador\u2026 Lo hicimos realidad desde el primer d\u00eda en la Prefectura del Guayas, convencidos de que cuidar a quienes cuidan es una verdadera forma de justicia social\u201d, apunt\u00f3.<\/span><\/p>\n<p><span style=\"font-weight: 400;\">La prefecta aprovech\u00f3 la oportunidad para visibilizar la gesti\u00f3n desplegada en la provincia, en relaci\u00f3n al Sistema de Cuidado del Guayas \u201cCuidando Vidas\u201d. Hasta el momento 213.994 personas han sido beneficiadas de forma directa, como resultado de la atenci\u00f3n en las Manzanas, con el Convoy del Cuidado y la promoci\u00f3n de emprendimientos. \u201cEstos n\u00fameros no son fr\u00edos indicadores: son rostros, familias y comunidades que hoy tienen mejores condiciones de vida\u201d, concluy\u00f3 Agui\u00f1aga.<\/span><\/p>\n","protected":false},"excerpt":{"rendered":"<p>Quito.- El alcance de las obras y acciones de la prefecta Marcela Agui\u00f1aga al frente del Gobierno Provincial del Guayas son un referente no solo a nivel local sino tambi\u00e9n internacional. Es por esta raz\u00f3n que intervino como una de los principales exponentes en el conversatorio de alto nivel del Reporte de Econom\u00eda y Desarrollo [&hellip;]<\/p>\n","protected":false},"author":2,"featured_media":37779,"comment_status":"open","ping_status":"closed","sticky":false,"template":"","format":"standard","meta":{"_jetpack_memberships_contains_paid_content":false,"footnotes":""},"categories":[13],"tags":[5968,2699],"class_list":["post-37778","post","type-post","status-publish","format-standard","has-post-thumbnail","hentry","category-noticias-nacionales","tag-gobierno-provincial-del-guayas","tag-prefecta-marcela-aguinaga"],"jetpack_featured_media_url":"https:\/\/radiocresatelital.com\/wp-content\/uploads\/2025\/09\/DSC08765-scaled.jpg","jetpack_sharing_enabled":true,"_links":{"self":[{"href":"https:\/\/radiocresatelital.com\/index.php?rest_route=\/wp\/v2\/posts\/37778","targetHints":{"allow":["GET"]}}],"collection":[{"href":"https:\/\/radiocresatelital.com\/index.php?rest_route=\/wp\/v2\/posts"}],"about":[{"href":"https:\/\/radiocresatelital.com\/index.php?rest_route=\/wp\/v2\/types\/post"}],"author":[{"embeddable":true,"href":"https:\/\/radiocresatelital.com\/index.php?rest_route=\/wp\/v2\/users\/2"}],"replies":[{"embeddable":true,"href":"https:\/\/radiocresatelital.com\/index.php?rest_route=%2Fwp%2Fv2%2Fcomments&post=37778"}],"version-history":[{"count":1,"href":"https:\/\/radiocresatelital.com\/index.php?rest_route=\/wp\/v2\/posts\/37778\/revisions"}],"predecessor-version":[{"id":37780,"href":"https:\/\/radiocresatelital.com\/index.php?rest_route=\/wp\/v2\/posts\/37778\/revisions\/37780"}],"wp:featuredmedia":[{"embeddable":true,"href":"https:\/\/radiocresatelital.com\/index.php?rest_route=\/wp\/v2\/media\/37779"}],"wp:attachment":[{"href":"https:\/\/radiocresatelital.com\/index.php?rest_route=%2Fwp%2Fv2%2Fmedia&parent=37778"}],"wp:term":[{"taxonomy":"category","embeddable":true,"href":"https:\/\/radiocresatelital.com\/index.php?rest_route=%2Fwp%2Fv2%2Fcategories&post=37778"},{"taxonomy":"post_tag","embeddable":true,"href":"https:\/\/radiocresatelital.com\/index.php?rest_route=%2Fwp%2Fv2%2Ftags&post=37778"}],"curies":[{"name":"wp","href":"https:\/\/api.w.org\/{rel}","templated":true}]}}