{"id":37713,"date":"2025-09-23T18:20:51","date_gmt":"2025-09-23T18:20:51","guid":{"rendered":"https:\/\/radiocresatelital.com\/?p=37713"},"modified":"2025-09-23T18:20:51","modified_gmt":"2025-09-23T18:20:51","slug":"jovenes-talentos-de-la-orquesta-sinfonica-de-la-prefectura-del-guayas-viajaron-a-francia-para-estudiar-en-prestigioso-conservatorio","status":"publish","type":"post","link":"https:\/\/radiocresatelital.com\/?p=37713","title":{"rendered":"J\u00f3venes talentos de la Orquesta Sinf\u00f3nica de la Prefectura del Guayas viajaron a Francia para estudiar en prestigioso conservatorio"},"content":{"rendered":"<p><span style=\"font-weight: 400;\">Guayaquil.- Uno de los proyectos sociales emblem\u00e1ticos de la administraci\u00f3n de la prefecta Marcela Agui\u00f1aga, es la Orquesta Sinf\u00f3nica Juvenil del Guayas, que, entre su selecto grupo de artistas, ten\u00eda a Rommy Castro y Adri\u00e1n G\u00f3mez, ambos de 20 a\u00f1os. El talento que demostraron en innumerables conciertos, fue la carta de presentaci\u00f3n que los hizo merecedores de un cupo en el prestigioso <\/span><span style=\"font-weight: 400;\">Conservatoire Rayonnement d&#8217;Orleans, <\/span><span style=\"font-weight: 400;\">en Francia, pa\u00eds al que viajaron para crecer profesionalmente como m\u00fasicos.\u00a0<\/span><\/p>\n<p><span style=\"font-weight: 400;\">La Orquesta Sinf\u00f3nica Juvenil del Guayas cuenta con 65 m\u00fasicos; adem\u00e1s, dispone de ocho n\u00facleos en siete cantones, donde han sido beneficiados 945 chicos. Rommy es guayaquile\u00f1a e interpreta el viol\u00edn desde los 14 a\u00f1os; mientras que Adri\u00e1n es un migrante venezolano que aprendi\u00f3 a tocar el contrabajo en su pa\u00eds natal. El conservatorio franc\u00e9s donde ampliar\u00e1n sus conocimientos remonta su origen a finales del siglo 17 y, actualmente, ofrece m\u00e1s de 40 disciplinas art\u00edsticas.<\/span><\/p>\n<p><span style=\"font-weight: 400;\">A Rommy, su participaci\u00f3n en la Sinf\u00f3nica del Guayas le permiti\u00f3 desarrollar aspectos t\u00e9cnicos y musicales. \u201cLa Prefectura me ha ayudado bastante a desarrollar mis aprendizajes y a crecer mucho m\u00e1s en el instrumento, el viol\u00edn. En el futuro me veo estudiando m\u00fasica, pero tambi\u00e9n me veo formando parte de una orquesta\u201d, mencion\u00f3 la joven.\u00a0<\/span><\/p>\n<p><span style=\"font-weight: 400;\">Para Adri\u00e1n, los dos \u00faltimos a\u00f1os en la Sinf\u00f3nica le representan un crecimiento personal y musical bastante amplio. \u201cEl gran sue\u00f1o se basa en peque\u00f1as metas; esta es la primera y espero poder terminarlas todas\u201d. En el futuro, se ve graduado del conservatorio superior o la universidad y volviendo a Guayaquil. \u201cEl talento que hay en Ecuador es bastante\u201d, concluy\u00f3. <\/span><\/p>\n","protected":false},"excerpt":{"rendered":"<p>Guayaquil.- Uno de los proyectos sociales emblem\u00e1ticos de la administraci\u00f3n de la prefecta Marcela Agui\u00f1aga, es la Orquesta Sinf\u00f3nica Juvenil del Guayas, que, entre su selecto grupo de artistas, ten\u00eda a Rommy Castro y Adri\u00e1n G\u00f3mez, ambos de 20 a\u00f1os. El talento que demostraron en innumerables conciertos, fue la carta de presentaci\u00f3n que los hizo [&hellip;]<\/p>\n","protected":false},"author":2,"featured_media":37714,"comment_status":"open","ping_status":"closed","sticky":false,"template":"","format":"standard","meta":{"_jetpack_memberships_contains_paid_content":false,"footnotes":""},"categories":[13],"tags":[2699,415],"class_list":["post-37713","post","type-post","status-publish","format-standard","has-post-thumbnail","hentry","category-noticias-nacionales","tag-prefecta-marcela-aguinaga","tag-prefectura-ciudadana-del-guayas"],"jetpack_featured_media_url":"https:\/\/radiocresatelital.com\/wp-content\/uploads\/2025\/09\/DSC_3714.jpg","jetpack_sharing_enabled":true,"_links":{"self":[{"href":"https:\/\/radiocresatelital.com\/index.php?rest_route=\/wp\/v2\/posts\/37713","targetHints":{"allow":["GET"]}}],"collection":[{"href":"https:\/\/radiocresatelital.com\/index.php?rest_route=\/wp\/v2\/posts"}],"about":[{"href":"https:\/\/radiocresatelital.com\/index.php?rest_route=\/wp\/v2\/types\/post"}],"author":[{"embeddable":true,"href":"https:\/\/radiocresatelital.com\/index.php?rest_route=\/wp\/v2\/users\/2"}],"replies":[{"embeddable":true,"href":"https:\/\/radiocresatelital.com\/index.php?rest_route=%2Fwp%2Fv2%2Fcomments&post=37713"}],"version-history":[{"count":1,"href":"https:\/\/radiocresatelital.com\/index.php?rest_route=\/wp\/v2\/posts\/37713\/revisions"}],"predecessor-version":[{"id":37715,"href":"https:\/\/radiocresatelital.com\/index.php?rest_route=\/wp\/v2\/posts\/37713\/revisions\/37715"}],"wp:featuredmedia":[{"embeddable":true,"href":"https:\/\/radiocresatelital.com\/index.php?rest_route=\/wp\/v2\/media\/37714"}],"wp:attachment":[{"href":"https:\/\/radiocresatelital.com\/index.php?rest_route=%2Fwp%2Fv2%2Fmedia&parent=37713"}],"wp:term":[{"taxonomy":"category","embeddable":true,"href":"https:\/\/radiocresatelital.com\/index.php?rest_route=%2Fwp%2Fv2%2Fcategories&post=37713"},{"taxonomy":"post_tag","embeddable":true,"href":"https:\/\/radiocresatelital.com\/index.php?rest_route=%2Fwp%2Fv2%2Ftags&post=37713"}],"curies":[{"name":"wp","href":"https:\/\/api.w.org\/{rel}","templated":true}]}}