{"id":37659,"date":"2025-09-22T20:46:22","date_gmt":"2025-09-22T20:46:22","guid":{"rendered":"https:\/\/radiocresatelital.com\/?p=37659"},"modified":"2025-09-22T20:46:22","modified_gmt":"2025-09-22T20:46:22","slug":"samborondon-fortalece-su-compromiso-con-el-arte-y-la-cultura-mediante-alianza-estrategica-con-fundacion-proarte","status":"publish","type":"post","link":"https:\/\/radiocresatelital.com\/?p=37659","title":{"rendered":"Samborond\u00f3n fortalece su compromiso con el arte y la cultura mediante alianza estrat\u00e9gica con Fundaci\u00f3n ProArte"},"content":{"rendered":"<p>Samborond\u00f3n.- La administraci\u00f3n del alcalde Juan Jos\u00e9 Y\u00fanez, reafirma su compromiso con el desarrollo cultural del cant\u00f3n mediante la firma de convenio de cooperaci\u00f3n con la Fundaci\u00f3n ProArte, orientado a ampliar la oferta art\u00edstica y garantizar el acceso ciudadano a la cultura.<\/p>\n<p>Fundaci\u00f3n ProArte se incorpora como uno de nuestros gestores culturales, contribuyendo a la programaci\u00f3n y activaci\u00f3n de espacios emblem\u00e1ticos como el Edificio Banco Territorial en el Parque Hist\u00f3rico y la Casa Museo en la<br \/>\ncabecera cantonal, donde se desarrollar\u00e1n exposiciones, talleres, cursos y conversatorios, promoviendo el arte, la participaci\u00f3n ciudadana, a trav\u00e9s de una agenda cultural diversa, inclusiva y sostenida.<\/p>\n<p>Dando inicio a las actividades de esta alianza, el martes 24 de septiembre se inaugura la exposici\u00f3n Tensiones del artista Fernando Garc\u00eda Mart\u00ednez, que con m\u00e1s de cuatro d\u00e9cadas de trayectoria, presenta veintid\u00f3s obras que<br \/>\nretratan la arquitectura popular y patrimonial de Guayaquil desde una perspectiva hiperrealista. La muestra aborda el contraste entre barrios informales y edificaciones monumentales, evidenciando las tensiones urbanas derivadas del crecimiento acelerado de la ciudad.<\/p>\n<p>La curadora Matilde Ampuero destaca que la obra \u201cretrata una realidad paralela donde la arquitectura se reduce a su m\u00ednima expresi\u00f3n: un acto de supervivencia m\u00e1s que de dise\u00f1o\u201d. Tensiones tambi\u00e9n reflexiona sobre la escasez de espacios para los artistas locales, convirti\u00e9ndose en una met\u00e1fora de las dificultades que enfrentan para exhibir y visibilizar su trabajo.<\/p>\n<p>La muestra pict\u00f3rica se abrir\u00e1 al p\u00fablico de mi\u00e9rcoles a domingo a partir del 25 de septiembre en el horario de 09h00 a 17h00 locales (14h00 a 22h00 GMT).<\/p>\n","protected":false},"excerpt":{"rendered":"<p>Samborond\u00f3n.- La administraci\u00f3n del alcalde Juan Jos\u00e9 Y\u00fanez, reafirma su compromiso con el desarrollo cultural del cant\u00f3n mediante la firma de convenio de cooperaci\u00f3n con la Fundaci\u00f3n ProArte, orientado a ampliar la oferta art\u00edstica y garantizar el acceso ciudadano a la cultura. Fundaci\u00f3n ProArte se incorpora como uno de nuestros gestores culturales, contribuyendo a la [&hellip;]<\/p>\n","protected":false},"author":2,"featured_media":37660,"comment_status":"open","ping_status":"closed","sticky":false,"template":"","format":"standard","meta":{"_jetpack_memberships_contains_paid_content":false,"footnotes":""},"categories":[13],"tags":[5952],"class_list":["post-37659","post","type-post","status-publish","format-standard","has-post-thumbnail","hentry","category-noticias-nacionales","tag-fundacion-proarte"],"jetpack_featured_media_url":"https:\/\/radiocresatelital.com\/wp-content\/uploads\/2025\/09\/WhatsApp-Image-2025-09-22-at-15.43.07.jpeg","jetpack_sharing_enabled":true,"_links":{"self":[{"href":"https:\/\/radiocresatelital.com\/index.php?rest_route=\/wp\/v2\/posts\/37659","targetHints":{"allow":["GET"]}}],"collection":[{"href":"https:\/\/radiocresatelital.com\/index.php?rest_route=\/wp\/v2\/posts"}],"about":[{"href":"https:\/\/radiocresatelital.com\/index.php?rest_route=\/wp\/v2\/types\/post"}],"author":[{"embeddable":true,"href":"https:\/\/radiocresatelital.com\/index.php?rest_route=\/wp\/v2\/users\/2"}],"replies":[{"embeddable":true,"href":"https:\/\/radiocresatelital.com\/index.php?rest_route=%2Fwp%2Fv2%2Fcomments&post=37659"}],"version-history":[{"count":1,"href":"https:\/\/radiocresatelital.com\/index.php?rest_route=\/wp\/v2\/posts\/37659\/revisions"}],"predecessor-version":[{"id":37661,"href":"https:\/\/radiocresatelital.com\/index.php?rest_route=\/wp\/v2\/posts\/37659\/revisions\/37661"}],"wp:featuredmedia":[{"embeddable":true,"href":"https:\/\/radiocresatelital.com\/index.php?rest_route=\/wp\/v2\/media\/37660"}],"wp:attachment":[{"href":"https:\/\/radiocresatelital.com\/index.php?rest_route=%2Fwp%2Fv2%2Fmedia&parent=37659"}],"wp:term":[{"taxonomy":"category","embeddable":true,"href":"https:\/\/radiocresatelital.com\/index.php?rest_route=%2Fwp%2Fv2%2Fcategories&post=37659"},{"taxonomy":"post_tag","embeddable":true,"href":"https:\/\/radiocresatelital.com\/index.php?rest_route=%2Fwp%2Fv2%2Ftags&post=37659"}],"curies":[{"name":"wp","href":"https:\/\/api.w.org\/{rel}","templated":true}]}}