{"id":37262,"date":"2025-09-17T02:20:12","date_gmt":"2025-09-17T02:20:12","guid":{"rendered":"https:\/\/radiocresatelital.com\/?p=37262"},"modified":"2025-09-17T02:20:23","modified_gmt":"2025-09-17T02:20:23","slug":"municipio-impulsa-la-cultura-y-la-lectura-desde-la-feria-internacional-del-libro-2025","status":"publish","type":"post","link":"https:\/\/radiocresatelital.com\/?p=37262","title":{"rendered":"Municipio impulsa la cultura y la lectura desde la Feria Internacional del Libro 2025"},"content":{"rendered":"<p>Guayaquil.- El evento literario m\u00e1s grande del Ecuador abrir\u00e1 sus puertas del 17 al 21 de septiembre en el Centro de Convenciones, de 09h00 a 21h00 locales (14h00 a 02h00 GMT). La XI Feria Internacional del Libro 2025 reunir\u00e1 a escritores, lectores y familias en torno a la lectura, la memoria y el patrimonio bibliogr\u00e1fico de Guayaquil.<\/p>\n<p>La Empresa P\u00fablica de Turismo y Eventos Especiales, junto con la Direcci\u00f3n de Patrimonio Cultural a trav\u00e9s de la Biblioteca Municipal, han preparado una agenda diversa que incluye presentaciones literarias, lanzamientos de libros y espacios de encuentro para todos los p\u00fablicos. La inauguraci\u00f3n ser\u00e1 el mi\u00e9rcoles 17 de septiembre a las 12h00 locales (17h00 GMT), con la presencia de autoridades municipales, reafirmando el compromiso con la promoci\u00f3n cultural y la construcci\u00f3n de una sociedad m\u00e1s participativa y lectora.<\/p>\n<p>El Municipio contar\u00e1 con un stand que ofrecer\u00e1 atractivos como exposici\u00f3n de libros antiguos, pr\u00e9stamo y consulta de material bibliogr\u00e1fico, venta de t\u00edtulos del programa editorial municipal y presentaciones literarias.<\/p>\n<p>Entre las actividades programadas destaca la del viernes a las 18h00 locales (23h00 GMT), con la presentaci\u00f3n del poemario Confesiones Libres, del abogado y escritor C\u00e9sar Poveda Valdivieso, publicada bajo el sello de la Biblioteca Municipal, as\u00ed como de la reconocida escritora Siomara Espa\u00f1a el s\u00e1bado a las 17h30 locales (22h30 GMT), quien lanzar\u00e1 su \u00faltimo libro denominado Cuerpo Presente. Ambos autores firmar\u00e1n ejemplares y compartir\u00e1n lecturas con el p\u00fablico.<\/p>\n<p>En 2024, la feria recibi\u00f3 cerca de 31.000 asistentes y este a\u00f1o se espera superar esa cifra. El Cabildo busca aprovechar este espacio para fortalecer los h\u00e1bitos de lectura en la ciudad y consolidar pol\u00edticas p\u00fablicas que impulsen el ecosistema del libro, garantizando el acceso a la cultura como un derecho ciudadano.<\/p>\n<p>Con su participaci\u00f3n en la feria, el Municipio de Guayaquil ratifica la visi\u00f3n del alcalde Aquiles Alvarez de promover la cultura como una estrategia clave para la restauraci\u00f3n del tejido social y el fortalecimiento de la identidad local.<\/p>\n","protected":false},"excerpt":{"rendered":"<p>Guayaquil.- El evento literario m\u00e1s grande del Ecuador abrir\u00e1 sus puertas del 17 al 21 de septiembre en el Centro de Convenciones, de 09h00 a 21h00 locales (14h00 a 02h00 GMT). La XI Feria Internacional del Libro 2025 reunir\u00e1 a escritores, lectores y familias en torno a la lectura, la memoria y el patrimonio bibliogr\u00e1fico [&hellip;]<\/p>\n","protected":false},"author":2,"featured_media":37263,"comment_status":"open","ping_status":"closed","sticky":false,"template":"","format":"standard","meta":{"_jetpack_memberships_contains_paid_content":false,"footnotes":""},"categories":[33,13],"tags":[5897],"class_list":["post-37262","post","type-post","status-publish","format-standard","has-post-thumbnail","hentry","category-guayaquil","category-noticias-nacionales","tag-xi-feria-internacional-del-libro-2025"],"jetpack_featured_media_url":"https:\/\/radiocresatelital.com\/wp-content\/uploads\/2025\/09\/FERIA-DEL-LIBRO-2024_image00001-scaled.jpeg","jetpack_sharing_enabled":true,"_links":{"self":[{"href":"https:\/\/radiocresatelital.com\/index.php?rest_route=\/wp\/v2\/posts\/37262","targetHints":{"allow":["GET"]}}],"collection":[{"href":"https:\/\/radiocresatelital.com\/index.php?rest_route=\/wp\/v2\/posts"}],"about":[{"href":"https:\/\/radiocresatelital.com\/index.php?rest_route=\/wp\/v2\/types\/post"}],"author":[{"embeddable":true,"href":"https:\/\/radiocresatelital.com\/index.php?rest_route=\/wp\/v2\/users\/2"}],"replies":[{"embeddable":true,"href":"https:\/\/radiocresatelital.com\/index.php?rest_route=%2Fwp%2Fv2%2Fcomments&post=37262"}],"version-history":[{"count":1,"href":"https:\/\/radiocresatelital.com\/index.php?rest_route=\/wp\/v2\/posts\/37262\/revisions"}],"predecessor-version":[{"id":37264,"href":"https:\/\/radiocresatelital.com\/index.php?rest_route=\/wp\/v2\/posts\/37262\/revisions\/37264"}],"wp:featuredmedia":[{"embeddable":true,"href":"https:\/\/radiocresatelital.com\/index.php?rest_route=\/wp\/v2\/media\/37263"}],"wp:attachment":[{"href":"https:\/\/radiocresatelital.com\/index.php?rest_route=%2Fwp%2Fv2%2Fmedia&parent=37262"}],"wp:term":[{"taxonomy":"category","embeddable":true,"href":"https:\/\/radiocresatelital.com\/index.php?rest_route=%2Fwp%2Fv2%2Fcategories&post=37262"},{"taxonomy":"post_tag","embeddable":true,"href":"https:\/\/radiocresatelital.com\/index.php?rest_route=%2Fwp%2Fv2%2Ftags&post=37262"}],"curies":[{"name":"wp","href":"https:\/\/api.w.org\/{rel}","templated":true}]}}