{"id":37256,"date":"2025-09-16T22:31:57","date_gmt":"2025-09-16T22:31:57","guid":{"rendered":"https:\/\/radiocresatelital.com\/?p=37256"},"modified":"2025-09-16T22:32:06","modified_gmt":"2025-09-16T22:32:06","slug":"gobernacion-del-guayas-refuerza-controles-para-proteger-la-economia-de-las-familias","status":"publish","type":"post","link":"https:\/\/radiocresatelital.com\/?p=37256","title":{"rendered":"Gobernaci\u00f3n del Guayas refuerza controles para proteger la econom\u00eda de las familias"},"content":{"rendered":"<p>Guayaquil.- Como parte del trabajo prioritario del Gobierno del Presidente Daniel Noboa, la Gobernaci\u00f3n del Guayas intensifica los operativos de control de precios en mercados y centros de abasto, con el objetivo de prevenir abusos que afecten la econom\u00eda de las familias ecuatorianas.<\/p>\n<p>En el mercado municipal La Caraguay, al sur de Guayaquil, el gobernador Humberto Plaza, junto a la intendenta Victoria Villa y comisarios de Polic\u00eda, supervisaron la venta y el pesaje de productos de primera necesidad para garantizar precios justos y accesibles.<\/p>\n<p>Durante un operativo en el mercado de Montebello, se detect\u00f3 un incremento injustificado en el precio de la papa, por lo que cuatro establecimientos fueron suspendidos hasta regularizar su situaci\u00f3n.<\/p>\n<p>\u201cNo permitiremos que la especulaci\u00f3n golpee el bolsillo de los guayasenses. Quienes incumplan la ley ser\u00e1n sancionados, conforme lo establece el art\u00edculo 321 del COIP, con prisi\u00f3n de 15 a 30 d\u00edas para quienes aumenten precios sin justificaci\u00f3n\u201d, advirti\u00f3 el gobernador Plaza.<\/p>\n<p>Los controles se ejecutan de manera constante y simult\u00e1nea en todos los cantones de la provincia, abarcando mercados mayoristas, tiendas de barrio y centros de abasto, bajo mecanismos de fiscalizaci\u00f3n m\u00e1s estrictos.<\/p>\n<p>\u201cNuestra meta es proteger a las familias y evitar que la especulaci\u00f3n encarezca la mesa popular. En Guayas, los productos esenciales deben estar al alcance de todos\u201d, enfatiz\u00f3 la intendenta Villa.<\/p>\n<p>Con estas acciones, la Gobernaci\u00f3n del Guayas reafirma el compromiso del Gobierno del Nuevo Ecuador de defender la econom\u00eda familiar, garantizar transparencia en los mercados y consolidar la protecci\u00f3n del consumidor frente a cualquier intento de abuso.<\/p>\n","protected":false},"excerpt":{"rendered":"<p>Guayaquil.- Como parte del trabajo prioritario del Gobierno del Presidente Daniel Noboa, la Gobernaci\u00f3n del Guayas intensifica los operativos de control de precios en mercados y centros de abasto, con el objetivo de prevenir abusos que afecten la econom\u00eda de las familias ecuatorianas. En el mercado municipal La Caraguay, al sur de Guayaquil, el gobernador [&hellip;]<\/p>\n","protected":false},"author":2,"featured_media":37257,"comment_status":"open","ping_status":"closed","sticky":false,"template":"","format":"standard","meta":{"_jetpack_memberships_contains_paid_content":false,"footnotes":""},"categories":[33,13],"tags":[964],"class_list":["post-37256","post","type-post","status-publish","format-standard","has-post-thumbnail","hentry","category-guayaquil","category-noticias-nacionales","tag-gobernacion-del-guayas"],"jetpack_featured_media_url":"https:\/\/radiocresatelital.com\/wp-content\/uploads\/2025\/09\/WhatsApp-Image-2025-09-16-at-17.30.03-scaled.jpeg","jetpack_sharing_enabled":true,"_links":{"self":[{"href":"https:\/\/radiocresatelital.com\/index.php?rest_route=\/wp\/v2\/posts\/37256","targetHints":{"allow":["GET"]}}],"collection":[{"href":"https:\/\/radiocresatelital.com\/index.php?rest_route=\/wp\/v2\/posts"}],"about":[{"href":"https:\/\/radiocresatelital.com\/index.php?rest_route=\/wp\/v2\/types\/post"}],"author":[{"embeddable":true,"href":"https:\/\/radiocresatelital.com\/index.php?rest_route=\/wp\/v2\/users\/2"}],"replies":[{"embeddable":true,"href":"https:\/\/radiocresatelital.com\/index.php?rest_route=%2Fwp%2Fv2%2Fcomments&post=37256"}],"version-history":[{"count":1,"href":"https:\/\/radiocresatelital.com\/index.php?rest_route=\/wp\/v2\/posts\/37256\/revisions"}],"predecessor-version":[{"id":37258,"href":"https:\/\/radiocresatelital.com\/index.php?rest_route=\/wp\/v2\/posts\/37256\/revisions\/37258"}],"wp:featuredmedia":[{"embeddable":true,"href":"https:\/\/radiocresatelital.com\/index.php?rest_route=\/wp\/v2\/media\/37257"}],"wp:attachment":[{"href":"https:\/\/radiocresatelital.com\/index.php?rest_route=%2Fwp%2Fv2%2Fmedia&parent=37256"}],"wp:term":[{"taxonomy":"category","embeddable":true,"href":"https:\/\/radiocresatelital.com\/index.php?rest_route=%2Fwp%2Fv2%2Fcategories&post=37256"},{"taxonomy":"post_tag","embeddable":true,"href":"https:\/\/radiocresatelital.com\/index.php?rest_route=%2Fwp%2Fv2%2Ftags&post=37256"}],"curies":[{"name":"wp","href":"https:\/\/api.w.org\/{rel}","templated":true}]}}