{"id":37201,"date":"2025-09-16T20:11:05","date_gmt":"2025-09-16T20:11:05","guid":{"rendered":"https:\/\/radiocresatelital.com\/?p=37201"},"modified":"2025-09-16T20:11:05","modified_gmt":"2025-09-16T20:11:05","slug":"ecuador-retoma-la-encuesta-steps-para-enfrentar-el-desafio-de-las-enfermedades-cronicas","status":"publish","type":"post","link":"https:\/\/radiocresatelital.com\/?p=37201","title":{"rendered":"Ecuador retoma la encuesta steps para enfrentar el desaf\u00edo de las enfermedades cr\u00f3nicas"},"content":{"rendered":"<p>Quito.-\u00a0Despu\u00e9s de siete a\u00f1os, Ecuador vuelve a implementar la Encuesta STEPS, un esfuerzo liderado por el Ministerio de Salud P\u00fablica (MSP) con el apoyo de la Organizaci\u00f3n Panamericana de la Salud (PPS\/OMS) y el Instituto Nacional de Estad\u00edstica y Censos (INEC). Esta segunda ronda se desarrollar\u00e1 entre el 19 de septiembre y 19 de noviembre de 2025, en m\u00e1s de seis mil hogares en todo el territorio nacional.<\/p>\n<p>Las enfermedades no transmisibles (ENT) como la hipertensi\u00f3n, la diabetes, las enfermedades cardiovasculares y la obesidad son hoy una de las principales causas de muerte en el pa\u00eds y en el mundo. Por ello, contar con informaci\u00f3n precisa y actualizada sobre los factores de riesgo es clave para tomar decisiones oportunas y dise\u00f1ar pol\u00edticas de salud que mejoren la calidad de vida de la poblaci\u00f3n.<\/p>\n<p>Eva Mar\u00eda Mera, directora ejecutiva del INEC, se refiri\u00f3 a la importancia que tiene contar con informaci\u00f3n estad\u00edstica p\u00fablica transparente y accesible, \u201cno es \u00fanicamente un requisito t\u00e9cnico, sino una condici\u00f3n indispensable para la formulaci\u00f3n de pol\u00edticas p\u00fablicas efectivas\u201d, enfatiz\u00f3.<\/p>\n<p>Agreg\u00f3 tambi\u00e9n que \u00abdetr\u00e1s de cada dato hay una vida y detr\u00e1s de cada informaci\u00f3n que generan los datos hay una decisi\u00f3n que puede cambiar la historia de miles de familias ecuatorianas\u201d.<\/p>\n<p>La metodolog\u00eda STEPS, promovida por la Organizaci\u00f3n Mundial de la Salud, permite recoger datos confiables y comparables a nivel internacional, lo que convierte a esta encuesta en una herramienta estrat\u00e9gica para el futuro de la salud p\u00fablica del Ecuador.<\/p>\n<p><img decoding=\"async\" class=\"aligncenter\" src=\"https:\/\/www.salud.gob.ec\/wp-content\/uploads\/2025\/09\/WhatsApp-Image-2025-09-16-at-11.23.32-1024x685.jpeg\" \/><\/p>\n<p>El m\u00e9todo para la vigilancia de los factores de riesgo, STEPPS, es un instrumento simple, secuencial y estandarizado que permite recopilar, analizar y difundir los datos de los principales factores de riesgo de las enfermedades no transmisibles en personas entre 18 y 69 a\u00f1os, explic\u00f3 Sonia Quezada, representante de OPS en Ecuador. \u201cEl objetivo del STEPPS es ayudar a los pa\u00edses a establecer las prioridades en materia de salud p\u00fablica y hacer seguimiento y evaluaci\u00f3n de las intervenciones a nivel poblacional\u201d.<\/p>\n<p>El viceministro de Gobernanza de la Salud, Bernardo Darquea, mencion\u00f3 que esta encuesta no es solo un ejercicio estad\u00edstico. \u201cCada respuesta ciudadana ser\u00e1 la base para construir un pa\u00eds m\u00e1s sano y preparado frente a las enfermedades cr\u00f3nicas\u201d, destac\u00f3.<\/p>\n<p>La encuesta STEPS permitir\u00e1 conocer los factores de riesgo en los \u00faltimos siete a\u00f1os, proveer\u00e1 de informaci\u00f3n s\u00f3lida para reforzar la prevenci\u00f3n y la atenci\u00f3n primaria. Adem\u00e1s, aportar\u00e1 evidencia cient\u00edfica para alinear las pol\u00edticas p\u00fablicas con los Objetivos de Desarrollo Sostenible y el Plan Decenal de Salud.<\/p>\n<p>El MSP invita a todas las familias seleccionadas \u2013de acuerdo a un muestreo que realiza el INEC- a participar con compromiso y apertura en la Encuesta STEPS. Su colaboraci\u00f3n es fundamental para dise\u00f1ar programas, campa\u00f1as y acciones basadas en evidencia, que aseguren un futuro m\u00e1s saludable para el Ecuador.<\/p>\n","protected":false},"excerpt":{"rendered":"<p>Quito.-\u00a0Despu\u00e9s de siete a\u00f1os, Ecuador vuelve a implementar la Encuesta STEPS, un esfuerzo liderado por el Ministerio de Salud P\u00fablica (MSP) con el apoyo de la Organizaci\u00f3n Panamericana de la Salud (PPS\/OMS) y el Instituto Nacional de Estad\u00edstica y Censos (INEC). Esta segunda ronda se desarrollar\u00e1 entre el 19 de septiembre y 19 de noviembre [&hellip;]<\/p>\n","protected":false},"author":2,"featured_media":37202,"comment_status":"open","ping_status":"closed","sticky":false,"template":"","format":"standard","meta":{"_jetpack_memberships_contains_paid_content":false,"footnotes":""},"categories":[13],"tags":[5892,148],"class_list":["post-37201","post","type-post","status-publish","format-standard","has-post-thumbnail","hentry","category-noticias-nacionales","tag-encuesta-steps","tag-ministerio-de-salud-publica"],"jetpack_featured_media_url":"https:\/\/radiocresatelital.com\/wp-content\/uploads\/2025\/09\/WhatsApp-Image-2025-09-16-at-11.23.35-1536x1027-1.jpeg","jetpack_sharing_enabled":true,"_links":{"self":[{"href":"https:\/\/radiocresatelital.com\/index.php?rest_route=\/wp\/v2\/posts\/37201","targetHints":{"allow":["GET"]}}],"collection":[{"href":"https:\/\/radiocresatelital.com\/index.php?rest_route=\/wp\/v2\/posts"}],"about":[{"href":"https:\/\/radiocresatelital.com\/index.php?rest_route=\/wp\/v2\/types\/post"}],"author":[{"embeddable":true,"href":"https:\/\/radiocresatelital.com\/index.php?rest_route=\/wp\/v2\/users\/2"}],"replies":[{"embeddable":true,"href":"https:\/\/radiocresatelital.com\/index.php?rest_route=%2Fwp%2Fv2%2Fcomments&post=37201"}],"version-history":[{"count":1,"href":"https:\/\/radiocresatelital.com\/index.php?rest_route=\/wp\/v2\/posts\/37201\/revisions"}],"predecessor-version":[{"id":37203,"href":"https:\/\/radiocresatelital.com\/index.php?rest_route=\/wp\/v2\/posts\/37201\/revisions\/37203"}],"wp:featuredmedia":[{"embeddable":true,"href":"https:\/\/radiocresatelital.com\/index.php?rest_route=\/wp\/v2\/media\/37202"}],"wp:attachment":[{"href":"https:\/\/radiocresatelital.com\/index.php?rest_route=%2Fwp%2Fv2%2Fmedia&parent=37201"}],"wp:term":[{"taxonomy":"category","embeddable":true,"href":"https:\/\/radiocresatelital.com\/index.php?rest_route=%2Fwp%2Fv2%2Fcategories&post=37201"},{"taxonomy":"post_tag","embeddable":true,"href":"https:\/\/radiocresatelital.com\/index.php?rest_route=%2Fwp%2Fv2%2Ftags&post=37201"}],"curies":[{"name":"wp","href":"https:\/\/api.w.org\/{rel}","templated":true}]}}