{"id":37189,"date":"2025-09-16T19:25:39","date_gmt":"2025-09-16T19:25:39","guid":{"rendered":"https:\/\/radiocresatelital.com\/?p=37189"},"modified":"2025-09-16T19:26:33","modified_gmt":"2025-09-16T19:26:33","slug":"eventos-internacionales-encuentran-en-guayaquil-un-aliado-estrategico","status":"publish","type":"post","link":"https:\/\/radiocresatelital.com\/?p=37189","title":{"rendered":"Eventos internacionales encuentran en Guayaquil un aliado estrat\u00e9gico"},"content":{"rendered":"<p>Guayaquil.- Organizar congresos, ferias, foros internacionales o espect\u00e1culos en Guayaquil es una experiencia altamente positiva. La ciudad combina infraestructura moderna, excelente conectividad a\u00e9rea, un entorno cultural vibrante, una amplia oferta gastron\u00f3mica y, sobre todo, el respaldo de la Direcci\u00f3n General de Turismo y Eventos Especiales de la Alcald\u00eda, que acompa\u00f1a a los organizadores nacionales e internacionales en cada etapa del proceso.<\/p>\n<p>Uno de los grandes diferenciales de Guayaquil es la eficiencia en la gesti\u00f3n municipal, que facilita la obtenci\u00f3n de tr\u00e1mites, documentos y permisos necesarios. El procedimiento es claro y \u00e1gil:<\/p>\n<p>1. Ingreso de la solicitud a trav\u00e9s de Ventanilla Universal, dirigido a la directora de Turismo y Eventos Especiales Tahiz Panus.<\/p>\n<p>2. An\u00e1lisis de impacto del evento, considerando gasto tur\u00edstico, cobertura medi\u00e1tica, n\u00famero de asistentes nacionales e internacionales y noches de alojamiento generadas. Articulaci\u00f3n con diferentes \u00e1reas municipales, garantizando seguridad, orden y movilidad con el apoyo del Cuerpo de Agentes de Control y la ATM.<\/p>\n<p>3. Apoyo en la difusi\u00f3n del evento, condicionado a la inclusi\u00f3n de la imagen institucional de la Alcald\u00eda de Guayaquil.<\/p>\n<p>4. El tiempo estimado para la entrega de permisos es de apenas 10 a 15 d\u00edas, lo que brinda a los organizadores confianza, rapidez y la certeza de que Guayaquil es un aliado estrat\u00e9gico para que cada evento sea exitoso.<\/p>\n<p>Con estas ventajas, la ciudad se consolida como un polo de turismo de negocios y eventos en la regi\u00f3n, lista para recibir a miles de participantes y proyectar cada encuentro hacia el nivel internacional.<\/p>\n","protected":false},"excerpt":{"rendered":"<p>Guayaquil.- Organizar congresos, ferias, foros internacionales o espect\u00e1culos en Guayaquil es una experiencia altamente positiva. La ciudad combina infraestructura moderna, excelente conectividad a\u00e9rea, un entorno cultural vibrante, una amplia oferta gastron\u00f3mica y, sobre todo, el respaldo de la Direcci\u00f3n General de Turismo y Eventos Especiales de la Alcald\u00eda, que acompa\u00f1a a los organizadores nacionales e [&hellip;]<\/p>\n","protected":false},"author":2,"featured_media":37190,"comment_status":"open","ping_status":"closed","sticky":false,"template":"","format":"standard","meta":{"_jetpack_memberships_contains_paid_content":false,"footnotes":""},"categories":[13],"tags":[5890],"class_list":["post-37189","post","type-post","status-publish","format-standard","has-post-thumbnail","hentry","category-noticias-nacionales","tag-direccion-general-de-turismo-y-eventos-especiales-de-la-alcaldia"],"jetpack_featured_media_url":"https:\/\/radiocresatelital.com\/wp-content\/uploads\/2025\/09\/GUAYAQUIL-DESTINO-PARA-GRANDES-EVENTOS_WhatsApp-Image-2025-06-09-at-12.04.15-scaled.jpeg","jetpack_sharing_enabled":true,"_links":{"self":[{"href":"https:\/\/radiocresatelital.com\/index.php?rest_route=\/wp\/v2\/posts\/37189","targetHints":{"allow":["GET"]}}],"collection":[{"href":"https:\/\/radiocresatelital.com\/index.php?rest_route=\/wp\/v2\/posts"}],"about":[{"href":"https:\/\/radiocresatelital.com\/index.php?rest_route=\/wp\/v2\/types\/post"}],"author":[{"embeddable":true,"href":"https:\/\/radiocresatelital.com\/index.php?rest_route=\/wp\/v2\/users\/2"}],"replies":[{"embeddable":true,"href":"https:\/\/radiocresatelital.com\/index.php?rest_route=%2Fwp%2Fv2%2Fcomments&post=37189"}],"version-history":[{"count":1,"href":"https:\/\/radiocresatelital.com\/index.php?rest_route=\/wp\/v2\/posts\/37189\/revisions"}],"predecessor-version":[{"id":37191,"href":"https:\/\/radiocresatelital.com\/index.php?rest_route=\/wp\/v2\/posts\/37189\/revisions\/37191"}],"wp:featuredmedia":[{"embeddable":true,"href":"https:\/\/radiocresatelital.com\/index.php?rest_route=\/wp\/v2\/media\/37190"}],"wp:attachment":[{"href":"https:\/\/radiocresatelital.com\/index.php?rest_route=%2Fwp%2Fv2%2Fmedia&parent=37189"}],"wp:term":[{"taxonomy":"category","embeddable":true,"href":"https:\/\/radiocresatelital.com\/index.php?rest_route=%2Fwp%2Fv2%2Fcategories&post=37189"},{"taxonomy":"post_tag","embeddable":true,"href":"https:\/\/radiocresatelital.com\/index.php?rest_route=%2Fwp%2Fv2%2Ftags&post=37189"}],"curies":[{"name":"wp","href":"https:\/\/api.w.org\/{rel}","templated":true}]}}