{"id":37186,"date":"2025-09-16T19:19:38","date_gmt":"2025-09-16T19:19:38","guid":{"rendered":"https:\/\/radiocresatelital.com\/?p=37186"},"modified":"2025-09-16T19:19:49","modified_gmt":"2025-09-16T19:19:49","slug":"alcalde-aquiles-alvarez-superviso-repavimentacion-integral-de-la-pista-del-aeropuerto-de-guayaquil","status":"publish","type":"post","link":"https:\/\/radiocresatelital.com\/?p=37186","title":{"rendered":"Alcalde Aquiles Alvarez supervis\u00f3 repavimentaci\u00f3n integral de la pista del aeropuerto de Guayaquil"},"content":{"rendered":"<p>Guayaquil.- Con una inversi\u00f3n superior a los USD 2 millones, arranc\u00f3 la repavimentaci\u00f3n integral de la pista del aeropuerto internacional Jos\u00e9 Joaqu\u00edn de Olmedo, una intervenci\u00f3n estrat\u00e9gica que garantizar\u00e1 la seguridad de los pasajeros, extender\u00e1 la vida \u00fatil de la infraestructura y consolidar\u00e1 a Guayaquil como un referente en conectividad a\u00e9rea.<\/p>\n<p>El alcalde Aquiles Alvarez inspeccion\u00f3, la ma\u00f1ana de este martes 16 de septiembre, el inicio de los trabajos. La Autoridad Aeroportuaria de Guayaquil (AAG) supervisa este proyecto, contratado por la concesionaria Tagsa y ejecutado por la Constructora Verd\u00fa, con el objetivo de asegurar que cumpla con los m\u00e1s altos est\u00e1ndares de calidad, priorizando la seguridad operacional y el bienestar de los usuarios.<\/p>\n<p>El Burgomaestre explic\u00f3 que la intervenci\u00f3n abarca los 2.780 metros de la pista e implica la remoci\u00f3n y reemplazo de 10.000 metros c\u00fabicos de asfalto, comenzando en la cabecera sur, sobre la Av. de las Am\u00e9ricas.<\/p>\n<p>\u201cCon esta intervenci\u00f3n va a quedar en \u00f3ptimas condiciones hasta un poco m\u00e1s del 2031\u2026 la norma dice que hasta el 2031, pero con el trabajo que se est\u00e1 haciendo aguanta algunos a\u00f1os m\u00e1s\u201d, precis\u00f3 Alvarez tras destacar que la \u00faltima intervenci\u00f3n se realiz\u00f3 en 2019.<\/p>\n<p>De acuerdo con el cronograma, el primer cierre se mantendr\u00e1 hasta las 12h00 locales (17h00 GMT) del jueves 18 de septiembre, mientras que un segundo cierre est\u00e1 previsto desde las 09h00 del 23 de septiembre hasta las 12h00 locales (17h00 GMT) del 25 de septiembre, para continuar con la obra.<\/p>\n<p>M\u00e1s de 100 trabajadores y 60 choferes, apoyados por maquinaria de \u00faltima tecnolog\u00eda como pavimentadoras, recuperadoras y rodillos, avanzan removiendo 3 pulgadas de asfalto en una franja central, que servir\u00e1 de base para el resto de la pista.<\/p>\n<p>\u201cEsto de aqu\u00ed busca la seguridad operacional para que nuestros pasajeros puedan tener viajes seguros\u201d, refiri\u00f3 Pablo Pita, gerente de AAG.<\/p>\n<p>La obra, fiscalizada por Cevaconsult, cumple con la licencia ambiental vigente, incluyendo monitoreo de aire, ruido y residuos, reafirmando el enfoque sostenible del proyecto.<\/p>\n<p>Esta modernizaci\u00f3n no solo fortalece la seguridad y competitividad del aeropuerto, sino que tambi\u00e9n impulsa la econom\u00eda local al generar empleo y ubicar a Guayaquil como un destino confiable para la industria aeron\u00e1utica.<\/p>\n","protected":false},"excerpt":{"rendered":"<p>Guayaquil.- Con una inversi\u00f3n superior a los USD 2 millones, arranc\u00f3 la repavimentaci\u00f3n integral de la pista del aeropuerto internacional Jos\u00e9 Joaqu\u00edn de Olmedo, una intervenci\u00f3n estrat\u00e9gica que garantizar\u00e1 la seguridad de los pasajeros, extender\u00e1 la vida \u00fatil de la infraestructura y consolidar\u00e1 a Guayaquil como un referente en conectividad a\u00e9rea. El alcalde Aquiles Alvarez [&hellip;]<\/p>\n","protected":false},"author":2,"featured_media":37187,"comment_status":"open","ping_status":"closed","sticky":false,"template":"","format":"standard","meta":{"_jetpack_memberships_contains_paid_content":false,"footnotes":""},"categories":[33,13],"tags":[4437],"class_list":["post-37186","post","type-post","status-publish","format-standard","has-post-thumbnail","hentry","category-guayaquil","category-noticias-nacionales","tag-aeropuerto-internacional-jose-joaquin-de-olmedo"],"jetpack_featured_media_url":"https:\/\/radiocresatelital.com\/wp-content\/uploads\/2025\/09\/2-1-scaled.jpeg","jetpack_sharing_enabled":true,"_links":{"self":[{"href":"https:\/\/radiocresatelital.com\/index.php?rest_route=\/wp\/v2\/posts\/37186","targetHints":{"allow":["GET"]}}],"collection":[{"href":"https:\/\/radiocresatelital.com\/index.php?rest_route=\/wp\/v2\/posts"}],"about":[{"href":"https:\/\/radiocresatelital.com\/index.php?rest_route=\/wp\/v2\/types\/post"}],"author":[{"embeddable":true,"href":"https:\/\/radiocresatelital.com\/index.php?rest_route=\/wp\/v2\/users\/2"}],"replies":[{"embeddable":true,"href":"https:\/\/radiocresatelital.com\/index.php?rest_route=%2Fwp%2Fv2%2Fcomments&post=37186"}],"version-history":[{"count":1,"href":"https:\/\/radiocresatelital.com\/index.php?rest_route=\/wp\/v2\/posts\/37186\/revisions"}],"predecessor-version":[{"id":37188,"href":"https:\/\/radiocresatelital.com\/index.php?rest_route=\/wp\/v2\/posts\/37186\/revisions\/37188"}],"wp:featuredmedia":[{"embeddable":true,"href":"https:\/\/radiocresatelital.com\/index.php?rest_route=\/wp\/v2\/media\/37187"}],"wp:attachment":[{"href":"https:\/\/radiocresatelital.com\/index.php?rest_route=%2Fwp%2Fv2%2Fmedia&parent=37186"}],"wp:term":[{"taxonomy":"category","embeddable":true,"href":"https:\/\/radiocresatelital.com\/index.php?rest_route=%2Fwp%2Fv2%2Fcategories&post=37186"},{"taxonomy":"post_tag","embeddable":true,"href":"https:\/\/radiocresatelital.com\/index.php?rest_route=%2Fwp%2Fv2%2Ftags&post=37186"}],"curies":[{"name":"wp","href":"https:\/\/api.w.org\/{rel}","templated":true}]}}