{"id":37183,"date":"2025-09-16T19:12:33","date_gmt":"2025-09-16T19:12:33","guid":{"rendered":"https:\/\/radiocresatelital.com\/?p=37183"},"modified":"2025-09-16T20:12:23","modified_gmt":"2025-09-16T20:12:23","slug":"con-obra-lista-en-octubre-terminal-costa-ofrecera-orden-y-accesibilidad-para-pasajeros","status":"publish","type":"post","link":"https:\/\/radiocresatelital.com\/?p=37183","title":{"rendered":"Con obra lista en octubre, Terminal Costa ofrecer\u00e1 orden y accesibilidad para pasajeros"},"content":{"rendered":"<p>Guayaquil.- La construcci\u00f3n de la Terminal Terrestre Municipal Costa, una obra estrat\u00e9gica que fortalecer\u00e1 la conexi\u00f3n de Guayaquil con los principales destinos tur\u00edsticos y productivos del Litoral, registra un 80% de avance. Actualmente se ejecutan acabados arquitect\u00f3nicos en los andenes, boleter\u00edas, encomiendas, ba\u00f1os y oficinas administrativas. La culminaci\u00f3n de los trabajos est\u00e1 prevista para finales de octubre.<\/p>\n<p>Ubicada en el kil\u00f3metro 33 de la v\u00eda Perimetral, sentido oeste-este, esta nueva terminal terrestre contempla seis andenes (ampliables a once), doce boleter\u00edas, salas de espera, \u00e1reas comerciales, edificio de encomiendas, planta de tratamiento de agua y estaci\u00f3n de generaci\u00f3n de energ\u00eda.<\/p>\n<p>La obra, que representa una inversi\u00f3n de USD 10,2 millones, incluye adem\u00e1s un paradero en el otro lado de la v\u00eda, con un paso peatonal elevado para garantizar el cruce y embarque seguro de los usuarios.<\/p>\n<p>El proyecto est\u00e1 dise\u00f1ado para atender a 10 mil personas al d\u00eda, quienes contar\u00e1n con un punto de embarque m\u00e1s accesible y ordenado. Entre los beneficiarios se encuentran los habitantes del noroeste de Guayaquil, quienes dispondr\u00e1n de una terminal m\u00e1s cercana y moderna.<\/p>\n<p>Con ello, adem\u00e1s de mejorar la movilidad urbana y apoyar al turismo y la econom\u00eda regional, se busca descentralizar la terminal matriz Jaime Rold\u00f3s Aguilera, descongestionando su alta demanda actual.<\/p>\n<p>Cinco cooperativas de transporte (Libertad Peninsular CLP, Villamil, Costa Azul, Liberpesa y Posorja) han confirmado su operaci\u00f3n en este nuevo punto, respondiendo a la alta demanda de viajes hacia la Costa y consolidando a Guayaquil como centro log\u00edstico y de conexi\u00f3n regional.<\/p>\n","protected":false},"excerpt":{"rendered":"<p>Guayaquil.- La construcci\u00f3n de la Terminal Terrestre Municipal Costa, una obra estrat\u00e9gica que fortalecer\u00e1 la conexi\u00f3n de Guayaquil con los principales destinos tur\u00edsticos y productivos del Litoral, registra un 80% de avance. Actualmente se ejecutan acabados arquitect\u00f3nicos en los andenes, boleter\u00edas, encomiendas, ba\u00f1os y oficinas administrativas. La culminaci\u00f3n de los trabajos est\u00e1 prevista para finales [&hellip;]<\/p>\n","protected":false},"author":2,"featured_media":37184,"comment_status":"open","ping_status":"closed","sticky":false,"template":"","format":"standard","meta":{"_jetpack_memberships_contains_paid_content":false,"footnotes":""},"categories":[33,13],"tags":[2746],"class_list":["post-37183","post","type-post","status-publish","format-standard","has-post-thumbnail","hentry","category-guayaquil","category-noticias-nacionales","tag-terminal-terrestre-municipal-costa"],"jetpack_featured_media_url":"https:\/\/radiocresatelital.com\/wp-content\/uploads\/2025\/09\/1-1-scaled.jpg","jetpack_sharing_enabled":true,"_links":{"self":[{"href":"https:\/\/radiocresatelital.com\/index.php?rest_route=\/wp\/v2\/posts\/37183","targetHints":{"allow":["GET"]}}],"collection":[{"href":"https:\/\/radiocresatelital.com\/index.php?rest_route=\/wp\/v2\/posts"}],"about":[{"href":"https:\/\/radiocresatelital.com\/index.php?rest_route=\/wp\/v2\/types\/post"}],"author":[{"embeddable":true,"href":"https:\/\/radiocresatelital.com\/index.php?rest_route=\/wp\/v2\/users\/2"}],"replies":[{"embeddable":true,"href":"https:\/\/radiocresatelital.com\/index.php?rest_route=%2Fwp%2Fv2%2Fcomments&post=37183"}],"version-history":[{"count":1,"href":"https:\/\/radiocresatelital.com\/index.php?rest_route=\/wp\/v2\/posts\/37183\/revisions"}],"predecessor-version":[{"id":37185,"href":"https:\/\/radiocresatelital.com\/index.php?rest_route=\/wp\/v2\/posts\/37183\/revisions\/37185"}],"wp:featuredmedia":[{"embeddable":true,"href":"https:\/\/radiocresatelital.com\/index.php?rest_route=\/wp\/v2\/media\/37184"}],"wp:attachment":[{"href":"https:\/\/radiocresatelital.com\/index.php?rest_route=%2Fwp%2Fv2%2Fmedia&parent=37183"}],"wp:term":[{"taxonomy":"category","embeddable":true,"href":"https:\/\/radiocresatelital.com\/index.php?rest_route=%2Fwp%2Fv2%2Fcategories&post=37183"},{"taxonomy":"post_tag","embeddable":true,"href":"https:\/\/radiocresatelital.com\/index.php?rest_route=%2Fwp%2Fv2%2Ftags&post=37183"}],"curies":[{"name":"wp","href":"https:\/\/api.w.org\/{rel}","templated":true}]}}