{"id":36974,"date":"2025-09-12T17:45:39","date_gmt":"2025-09-12T17:45:39","guid":{"rendered":"https:\/\/radiocresatelital.com\/?p=36974"},"modified":"2025-09-13T00:49:02","modified_gmt":"2025-09-13T00:49:02","slug":"mas-de-2-200-docentes-se-capacitan-en-jornada-por-la-calidad-educativa-de-la-region-sierra","status":"publish","type":"post","link":"https:\/\/radiocresatelital.com\/?p=36974","title":{"rendered":"M\u00e1s de 2.200 docentes se capacitan en jornada por la calidad educativa de la regi\u00f3n Sierra"},"content":{"rendered":"<p>Quito.- Con el firme prop\u00f3sito de fortalecer la calidad educativa en el pa\u00eds, se desarroll\u00f3 una jornada de capacitaci\u00f3n en la Sierra, dirigida a docentes de distintos niveles y \u00e1reas, que abarc\u00f3 cinco ciudades: Quito, Cuenca, Loja, Ibarra y Ambato. M\u00e1s de 2 200 educadores participaron activamente en espacios formativos orientados a la actualizaci\u00f3n de conocimientos y al uso de metodolog\u00edas innovadoras aplicadas a la educaci\u00f3n del siglo XXI.<\/p>\n<p>Esta iniciativa, impulsada por Santillana con el apoyo de los recursos pedag\u00f3gicos de las marcas Compartir, Richmond Solution y C.R.E.O., se centr\u00f3 en tres ejes fundamentales: la aplicaci\u00f3n de la inteligencia artificial en contextos educativos, la planificaci\u00f3n basada en el dise\u00f1o universal para el aprendizaje (DUA) y el desarrollo de estrategias de liderazgo y marketing educativo.<\/p>\n<p>Los temas abordados durante las jornadas de capacitaci\u00f3n respondieron a las necesidades actuales del \u00e1mbito educativo, entre ellos se destacaron la inteligencia artificial aplicada a la ense\u00f1anza como una herramienta para optimizar los procesos de aprendizaje y personalizaci\u00f3n pedag\u00f3gica. Asimismo, se profundiz\u00f3 en la inserci\u00f3n del dise\u00f1o universal para el aprendizaje (DUA) como enfoque clave para una planificaci\u00f3n inclusiva y equitativa. Complementariamente, se trataron estrategias de marketing educativo orientadas a fortalecer la identidad institucional, la comunicaci\u00f3n con la comunidad y los principios de liderazgo y gesti\u00f3n educativa, esenciales para impulsar procesos de mejora continua en los centros educativos.<\/p>\n<p>La alta convocatoria evidenci\u00f3 el inter\u00e9s y el compromiso del cuerpo docente por actualizar y enriquecer sus pr\u00e1cticas pedag\u00f3gicas, con una participaci\u00f3n destacada en cada ciudad: 998 asistentes en Quito, 398 en Cuenca, 454 en Loja, 190 en Ibarra y 224 en Ambato. En total, se capacitaron 1 554 docentes del \u00e1rea de Lengua y Literatura, 461 docentes del \u00e1rea de Ingl\u00e9s, 178 coordinadores acad\u00e9micos, 50 vicerrectores y 31 rectores, lo que refleja una participaci\u00f3n diversa y representativa de los distintos niveles de liderazgo y ense\u00f1anza del sistema educativo.<\/p>\n<p>\u00abEn Santillana creemos firmemente que la transformaci\u00f3n educativa comienza con la formaci\u00f3n continua de quienes est\u00e1n al frente de la educaci\u00f3n. Esta jornada de capacitaci\u00f3n refleja nuestro compromiso con el fortalecimiento de los l\u00edderes quienes garantizar\u00e1n la calidad acad\u00e9mica de Ecuador. Entre los temas de relevancia tenemos: el liderazgo constructivo, el uso de datos para la toma de decisiones, el cuidado integral de la comunidad educativa y c\u00f3mo desde Santillana se ha puesto en marcha un nuevo proyecto que responde a los nuevos desaf\u00edos en el \u00e1mbito educativo. Todo esto se traduce en la formaci\u00f3n de ciudadanos competentes e \u00edntegros, preparados para enfrentar con \u00e9tica y responsabilidad los nuevos retos del futuro\u00bb, afirm\u00f3, Adriana Coral, gestora de Compartir de Santillana.<\/p>\n<p>La jornada de capacitaci\u00f3n brind\u00f3 herramientas pr\u00e1cticas para el aula y foment\u00f3 un espacio de reflexi\u00f3n y di\u00e1logo entre actores clave del sistema educativo. Estas acciones forman parte de un esfuerzo colectivo por avanzar hacia una educaci\u00f3n m\u00e1s inclusiva, pertinente y conectada con las demandas del presente y el futuro.<\/p>\n","protected":false},"excerpt":{"rendered":"<p>Quito.- Con el firme prop\u00f3sito de fortalecer la calidad educativa en el pa\u00eds, se desarroll\u00f3 una jornada de capacitaci\u00f3n en la Sierra, dirigida a docentes de distintos niveles y \u00e1reas, que abarc\u00f3 cinco ciudades: Quito, Cuenca, Loja, Ibarra y Ambato. M\u00e1s de 2 200 educadores participaron activamente en espacios formativos orientados a la actualizaci\u00f3n de [&hellip;]<\/p>\n","protected":false},"author":2,"featured_media":36975,"comment_status":"open","ping_status":"closed","sticky":false,"template":"","format":"standard","meta":{"_jetpack_memberships_contains_paid_content":false,"footnotes":""},"categories":[13],"tags":[5859],"class_list":["post-36974","post","type-post","status-publish","format-standard","has-post-thumbnail","hentry","category-noticias-nacionales","tag-santillana"],"jetpack_featured_media_url":"https:\/\/radiocresatelital.com\/wp-content\/uploads\/2025\/09\/IMG_20250819_082353-scaled.jpg","jetpack_sharing_enabled":true,"_links":{"self":[{"href":"https:\/\/radiocresatelital.com\/index.php?rest_route=\/wp\/v2\/posts\/36974","targetHints":{"allow":["GET"]}}],"collection":[{"href":"https:\/\/radiocresatelital.com\/index.php?rest_route=\/wp\/v2\/posts"}],"about":[{"href":"https:\/\/radiocresatelital.com\/index.php?rest_route=\/wp\/v2\/types\/post"}],"author":[{"embeddable":true,"href":"https:\/\/radiocresatelital.com\/index.php?rest_route=\/wp\/v2\/users\/2"}],"replies":[{"embeddable":true,"href":"https:\/\/radiocresatelital.com\/index.php?rest_route=%2Fwp%2Fv2%2Fcomments&post=36974"}],"version-history":[{"count":1,"href":"https:\/\/radiocresatelital.com\/index.php?rest_route=\/wp\/v2\/posts\/36974\/revisions"}],"predecessor-version":[{"id":36976,"href":"https:\/\/radiocresatelital.com\/index.php?rest_route=\/wp\/v2\/posts\/36974\/revisions\/36976"}],"wp:featuredmedia":[{"embeddable":true,"href":"https:\/\/radiocresatelital.com\/index.php?rest_route=\/wp\/v2\/media\/36975"}],"wp:attachment":[{"href":"https:\/\/radiocresatelital.com\/index.php?rest_route=%2Fwp%2Fv2%2Fmedia&parent=36974"}],"wp:term":[{"taxonomy":"category","embeddable":true,"href":"https:\/\/radiocresatelital.com\/index.php?rest_route=%2Fwp%2Fv2%2Fcategories&post=36974"},{"taxonomy":"post_tag","embeddable":true,"href":"https:\/\/radiocresatelital.com\/index.php?rest_route=%2Fwp%2Fv2%2Ftags&post=36974"}],"curies":[{"name":"wp","href":"https:\/\/api.w.org\/{rel}","templated":true}]}}