{"id":36935,"date":"2025-09-12T17:21:59","date_gmt":"2025-09-12T17:21:59","guid":{"rendered":"https:\/\/radiocresatelital.com\/?p=36935"},"modified":"2025-09-12T20:24:06","modified_gmt":"2025-09-12T20:24:06","slug":"acervo-anuncia-el-inicio-de-construccion-de-la-torre-internacional","status":"publish","type":"post","link":"https:\/\/radiocresatelital.com\/?p=36935","title":{"rendered":"Acervo anuncia el inicio de construcci\u00f3n de la Torre Internacional"},"content":{"rendered":"<p>Guayaquil. \u2013 En las instalaciones del Club de la Uni\u00f3n en Guayaquil, se anunci\u00f3 el inicio de obras de la Torre Internacional, un proyecto promovido por Acervo y ubicado en el Km 1.5 de la v\u00eda a Samborond\u00f3n.<\/p>\n<p>La Torre Internacional integrar\u00e1 un moderno centro de negocios de Banco Internacional, y marcar\u00e1 un hito en la industria hotelera del pa\u00eds con la llegada del primer Hotel InterContinental en Ecuador.<\/p>\n<p>El nuevo hotel contar\u00e1 con 101 habitaciones, exclusivos restaurantes, un elegante rooftop, piscina, gimnasio, spa y salones para eventos corporativos y sociales, adem\u00e1s de diversas amenidades que consolidar\u00e1n una experiencia de lujo y exclusividad en la ciudad.<\/p>\n<p>El evento cont\u00f3 con la presencia de Mauricio Mart\u00ednez por Semaica (constructor), Juan Andr\u00e9s Santos\u00a0por Acervo (promotores de la Torre Internacional), Francisco Naranjo, presidente ejecutivo de Banco Internacional, Juan Carlos Santos por BPO (promotor del Hotel Intercontinental) y Roberto Fern\u00e1ndez por Acervo.<\/p>\n","protected":false},"excerpt":{"rendered":"<p>Guayaquil. \u2013 En las instalaciones del Club de la Uni\u00f3n en Guayaquil, se anunci\u00f3 el inicio de obras de la Torre Internacional, un proyecto promovido por Acervo y ubicado en el Km 1.5 de la v\u00eda a Samborond\u00f3n. La Torre Internacional integrar\u00e1 un moderno centro de negocios de Banco Internacional, y marcar\u00e1 un hito en [&hellip;]<\/p>\n","protected":false},"author":2,"featured_media":36936,"comment_status":"open","ping_status":"closed","sticky":false,"template":"","format":"standard","meta":{"_jetpack_memberships_contains_paid_content":false,"footnotes":""},"categories":[13],"tags":[5851,5850],"class_list":["post-36935","post","type-post","status-publish","format-standard","has-post-thumbnail","hentry","category-noticias-nacionales","tag-hotel-intercontinental-en-ecuador","tag-torre-internacional"],"jetpack_featured_media_url":"https:\/\/radiocresatelital.com\/wp-content\/uploads\/2025\/09\/Torre-Internacional_BI-scaled.jpg","jetpack_sharing_enabled":true,"_links":{"self":[{"href":"https:\/\/radiocresatelital.com\/index.php?rest_route=\/wp\/v2\/posts\/36935","targetHints":{"allow":["GET"]}}],"collection":[{"href":"https:\/\/radiocresatelital.com\/index.php?rest_route=\/wp\/v2\/posts"}],"about":[{"href":"https:\/\/radiocresatelital.com\/index.php?rest_route=\/wp\/v2\/types\/post"}],"author":[{"embeddable":true,"href":"https:\/\/radiocresatelital.com\/index.php?rest_route=\/wp\/v2\/users\/2"}],"replies":[{"embeddable":true,"href":"https:\/\/radiocresatelital.com\/index.php?rest_route=%2Fwp%2Fv2%2Fcomments&post=36935"}],"version-history":[{"count":1,"href":"https:\/\/radiocresatelital.com\/index.php?rest_route=\/wp\/v2\/posts\/36935\/revisions"}],"predecessor-version":[{"id":36937,"href":"https:\/\/radiocresatelital.com\/index.php?rest_route=\/wp\/v2\/posts\/36935\/revisions\/36937"}],"wp:featuredmedia":[{"embeddable":true,"href":"https:\/\/radiocresatelital.com\/index.php?rest_route=\/wp\/v2\/media\/36936"}],"wp:attachment":[{"href":"https:\/\/radiocresatelital.com\/index.php?rest_route=%2Fwp%2Fv2%2Fmedia&parent=36935"}],"wp:term":[{"taxonomy":"category","embeddable":true,"href":"https:\/\/radiocresatelital.com\/index.php?rest_route=%2Fwp%2Fv2%2Fcategories&post=36935"},{"taxonomy":"post_tag","embeddable":true,"href":"https:\/\/radiocresatelital.com\/index.php?rest_route=%2Fwp%2Fv2%2Ftags&post=36935"}],"curies":[{"name":"wp","href":"https:\/\/api.w.org\/{rel}","templated":true}]}}