{"id":36888,"date":"2025-09-12T17:36:38","date_gmt":"2025-09-12T17:36:38","guid":{"rendered":"https:\/\/radiocresatelital.com\/?p=36888"},"modified":"2025-09-12T19:51:36","modified_gmt":"2025-09-12T19:51:36","slug":"daniel-noboa-defiende-el-agua-de-los-cuencanos-y-exige-responsabilidad-a-las-autoridades-locales","status":"publish","type":"post","link":"https:\/\/radiocresatelital.com\/?p=36888","title":{"rendered":"Daniel Noboa defiende el agua de los Cuencanos y exige responsabilidad a las autoridades locales"},"content":{"rendered":"<p>Cuenca, Azuay.- La ma\u00f1ana de este viernes 12 de septiembre, el presidente de la Rep\u00fablica, Daniel Noboa Azin, inici\u00f3 su agenda de trabajo en Cuenca brindando una entrevista al medio radial La Suprema. Junto al periodista Juan Andr\u00e9s Merch\u00e1n Cordero, el Mandatario abord\u00f3 temas de la coyuntura nacional e hizo hincapi\u00e9 en las acciones ejecutadas en materia de salud, seguridad, energ\u00eda e infraestructura. Tambi\u00e9n se refiri\u00f3 a temas de alto inter\u00e9s en la provincia de Azuay.<\/p>\n<p>Como punto medular el Jefe de Estado se refiri\u00f3 al proyecto minero a cargo de la empresa Dundee y la preocupaci\u00f3n ciudadana sobre una posible afectaci\u00f3n del agua. Al respecto afirm\u00f3 que \u201cnosotros somos un gobierno responsable\u201d. Por lo que las decisiones adoptadas se sustentan en la sentencia de la Corte Constitucional emitida en 2022 y en estudios t\u00e9cnicos que evidencian los beneficios que representa para el Ecuador.<\/p>\n<p>En este sentido, insisti\u00f3 en que las autoridades locales -Municipio de Cuenca y Prefectura del Azuay- deber\u00e1n emitir los informes que sustenten t\u00e9cnicamente y jur\u00eddicamente la presunta probabilidad de contaminaci\u00f3n y responsabilizarse de la veracidad de los mismos y de futuras consecuencias jur\u00eddicas que conllevar\u00edan. \u201cNosotros no nos vamos a poner del lado de la posible contaminaci\u00f3n, pero tambi\u00e9n hay que comunicarle a la gente la realidad. Y el caso de que haya una disputa legal, deben sustentar los informes\u201d.<\/p>\n<p>En este sentido, el Presidente record\u00f3 que el Ecuador ya ha tenido experiencias negativas en cortes internacionales como por ejemplo, el Caso Chevron, en donde se perdieron USD 800 millones. Por ello, invit\u00f3 a los detractores de esta iniciativa a valorar sus acciones de manera objetiva.<\/p>\n<p>\u201cYo jam\u00e1s voy a estar en contra de los cuencanos, jam\u00e1s voy a estar en contra de la gente. No hay d\u00f3lar que valga ni ning\u00fan monto que valga la salud de los cuencanos. Para eso tambi\u00e9n hay que ser responsable, hay que sustentar\u201d, sentenci\u00f3.<\/p>\n<p><strong>Emergencia en compra de medicamentos<\/strong><br \/>\nEn el marco de este di\u00e1logo, el Jefe de Estado hizo hincapi\u00e9 en las decisiones adoptadas en el campo de la salud. Al respecto afirmo que no es una crisis de salud, sino que \u201cestamos en una crisis de corrupci\u00f3n\u201d. Por ello, se ha procedido a desvincular a aquellos funcionarios, de todos los rangos, que estaban involucrados en acciones ilegales en la adquisici\u00f3n de medicamentos y que ten\u00edan v\u00ednculos con grupos de delincuencia organizada.<\/p>\n<p>Bajo esta perspectiva, el presidente anunci\u00f3 que se va a declarar en emergencia, espec\u00edficamente, a la compra de medicamentos. En este sentido, explic\u00f3 el Mandatario, se prev\u00e9 hacer una compra de por lo menos USD 150 a 200 millones en medicinas. Adicionalmente, indic\u00f3 que se implementa la iniciativa de inteligencia artificial HealthBird en el IESS y Ministerio de Salud P\u00fablica. Con ello se evitan derivaciones y los usuarios tienen acceso a informaci\u00f3n sobre disponibilidad de citas con horarios y equipos.<\/p>\n<p><strong>Seguridad<\/strong><br \/>\nSobre el \u00e1mbito de seguridad, el presidente Noboa se refiri\u00f3 a la importancia de la visita del secretario de Estado de Estados Unidos, Marco Rubio. Al respecto indic\u00f3 que existe la voluntad de este pa\u00eds de apoyar en la batalla contra el crimen organizado, especialmente de los grupos como Los Choneros y Los Lobos que operan en narcoterrorismo y miner\u00eda ilegal.<\/p>\n<p>Del mismo modo, explic\u00f3 que Estados Unidos brindar\u00e1 su apoyo informando a sus ciudadanos sobre las zonas del Ecuador que est\u00e1n libres de violencia y que son pac\u00edficas para recibir a los turistas como las ciudades de Cuenca y Quito.<\/p>\n<p><strong>Sistema Energ\u00e9tico<\/strong><br \/>\nDurante este espacio informativo, el Jefe de Estado confirm\u00f3 que gracias a una adecuada administraci\u00f3n energ\u00e9tica, no se proyectan cortes el\u00e9ctricos. Al momento, las hidroel\u00e9ctricas de Mazar y Paute est\u00e1n operando de manera normal.<\/p>\n<p>A ello agreg\u00f3 que estamos iniciando el proceso de Pascuales, que son m\u00e1s de 200 MW y tenemos una planificaci\u00f3n adecuada ya que en el 2027 entran much\u00edsimo m\u00e1s de 400 MW en nuevos proyectos de energ\u00eda renovable principalmente.<\/p>\n<p><strong>Otros aspectos coyunturales<\/strong><br \/>\nEntre otros aspectos, el Presidente se refiri\u00f3 al proceso de consulta popular y la favorable proyecci\u00f3n de ganar las preguntas propuestas. \u201cLa mayor\u00eda de la gente est\u00e1 a favor. La gente est\u00e1 a favor de que se deje de financiar partidos pol\u00edticos con dinero del pueblo, que la Corte Constitucional tenga controles como todos lo tenemos, reducir asamble\u00edsta, las bases internacionales\u201d.<\/p>\n<p>En materia vial sostuvo que el distribuidor de tr\u00e1fico Monay -IESS, que estaba en espera, ya se puso en marcha su ejecuci\u00f3n. Este descongestionar\u00e1 uno de los accesos m\u00e1s conflictivos a Cuenca reduciendo tiempos de traslado y mejorando la seguridad vial. Adem\u00e1s, anticip\u00f3 que se est\u00e1 conversando con gremios para que exista un aeropuerto internacional en Taura. Esta obra conectar\u00eda a la gente del sur del pa\u00eds y Guayaquil.<\/p>\n<p>Y sobre la confianza internacional del pa\u00eds anunci\u00f3 buenas noticias: \u201cNos hemos levantado con el riesgo pa\u00eds m\u00e1s bajo desde el a\u00f1o 2019, porque somos coherentes, porque hemos manejado la econom\u00eda\u201d, asegur\u00f3 al informar que hoy este indicador est\u00e1 en 684 puntos, lo que refleja el crecimiento econ\u00f3mico, la generaci\u00f3n de empleo y las ventas en r\u00e9cord hist\u00f3rico, es decir la transformaci\u00f3n que vive el pa\u00eds.<\/p>\n","protected":false},"excerpt":{"rendered":"<p>Cuenca, Azuay.- La ma\u00f1ana de este viernes 12 de septiembre, el presidente de la Rep\u00fablica, Daniel Noboa Azin, inici\u00f3 su agenda de trabajo en Cuenca brindando una entrevista al medio radial La Suprema. Junto al periodista Juan Andr\u00e9s Merch\u00e1n Cordero, el Mandatario abord\u00f3 temas de la coyuntura nacional e hizo hincapi\u00e9 en las acciones ejecutadas [&hellip;]<\/p>\n","protected":false},"author":2,"featured_media":36922,"comment_status":"open","ping_status":"closed","sticky":false,"template":"","format":"standard","meta":{"_jetpack_memberships_contains_paid_content":false,"footnotes":""},"categories":[13],"tags":[1322],"class_list":["post-36888","post","type-post","status-publish","format-standard","has-post-thumbnail","hentry","category-noticias-nacionales","tag-presidente-daniel-noboa"],"jetpack_featured_media_url":"https:\/\/radiocresatelital.com\/wp-content\/uploads\/2025\/09\/54782492250_604f43b47f_c.jpg","jetpack_sharing_enabled":true,"_links":{"self":[{"href":"https:\/\/radiocresatelital.com\/index.php?rest_route=\/wp\/v2\/posts\/36888","targetHints":{"allow":["GET"]}}],"collection":[{"href":"https:\/\/radiocresatelital.com\/index.php?rest_route=\/wp\/v2\/posts"}],"about":[{"href":"https:\/\/radiocresatelital.com\/index.php?rest_route=\/wp\/v2\/types\/post"}],"author":[{"embeddable":true,"href":"https:\/\/radiocresatelital.com\/index.php?rest_route=\/wp\/v2\/users\/2"}],"replies":[{"embeddable":true,"href":"https:\/\/radiocresatelital.com\/index.php?rest_route=%2Fwp%2Fv2%2Fcomments&post=36888"}],"version-history":[{"count":1,"href":"https:\/\/radiocresatelital.com\/index.php?rest_route=\/wp\/v2\/posts\/36888\/revisions"}],"predecessor-version":[{"id":36889,"href":"https:\/\/radiocresatelital.com\/index.php?rest_route=\/wp\/v2\/posts\/36888\/revisions\/36889"}],"wp:featuredmedia":[{"embeddable":true,"href":"https:\/\/radiocresatelital.com\/index.php?rest_route=\/wp\/v2\/media\/36922"}],"wp:attachment":[{"href":"https:\/\/radiocresatelital.com\/index.php?rest_route=%2Fwp%2Fv2%2Fmedia&parent=36888"}],"wp:term":[{"taxonomy":"category","embeddable":true,"href":"https:\/\/radiocresatelital.com\/index.php?rest_route=%2Fwp%2Fv2%2Fcategories&post=36888"},{"taxonomy":"post_tag","embeddable":true,"href":"https:\/\/radiocresatelital.com\/index.php?rest_route=%2Fwp%2Fv2%2Ftags&post=36888"}],"curies":[{"name":"wp","href":"https:\/\/api.w.org\/{rel}","templated":true}]}}