{"id":36877,"date":"2025-09-12T16:41:31","date_gmt":"2025-09-12T16:41:31","guid":{"rendered":"https:\/\/radiocresatelital.com\/?p=36877"},"modified":"2025-09-12T16:45:30","modified_gmt":"2025-09-12T16:45:30","slug":"manzano-confirmo-que-ecuador-vendera-350-mw-de-energia-a-colombia-este-12-de-septiembre","status":"publish","type":"post","link":"https:\/\/radiocresatelital.com\/?p=36877","title":{"rendered":"Manzano confirm\u00f3 que Ecuador vender\u00e1 350 MW de energ\u00eda a Colombia este 12 de septiembre"},"content":{"rendered":"<p>Quito.- La Ministra de Energ\u00eda y Minas, In\u00e9s Manzano, confirm\u00f3 que Ecuador le vender\u00e1 350 megavatios de electricidad a Colombia, este viernes 12 de septiembre del 2025.<\/p>\n<p>\u00abUn mensaje positivo para los ingenieros el\u00e9ctricos y medios: Hoy vendemos 350MW a Colombia\u00bb, se\u00f1al\u00f3 la titular de la Cartera de Estado, a trav\u00e9s de su cuenta de X.<\/p>\n<p>Manzano explic\u00f3 que fue posible la venta porque Ecuador \u00abtiene un exceso de energ\u00eda\u00bb y se ha hecho una \u00abgesti\u00f3n eficiente\u00bb.<\/p>\n<p><img loading=\"lazy\" decoding=\"async\" class=\"alignnone size-medium wp-image-36879\" src=\"https:\/\/radiocresatelital.com\/wp-content\/uploads\/2025\/09\/20250114144821-cuenca-hidroelectrica_2371680_20250821123647-7-234x300.jpg\" alt=\"\" width=\"234\" height=\"300\" srcset=\"https:\/\/radiocresatelital.com\/wp-content\/uploads\/2025\/09\/20250114144821-cuenca-hidroelectrica_2371680_20250821123647-7-234x300.jpg 234w, https:\/\/radiocresatelital.com\/wp-content\/uploads\/2025\/09\/20250114144821-cuenca-hidroelectrica_2371680_20250821123647-7.jpg 720w\" sizes=\"auto, (max-width: 234px) 100vw, 234px\" \/><\/p>\n<p>Colaboraci\u00f3n: Xavier Vel\u00e1squez<\/p>\n","protected":false},"excerpt":{"rendered":"<p>Quito.- La Ministra de Energ\u00eda y Minas, In\u00e9s Manzano, confirm\u00f3 que Ecuador le vender\u00e1 350 megavatios de electricidad a Colombia, este viernes 12 de septiembre del 2025. \u00abUn mensaje positivo para los ingenieros el\u00e9ctricos y medios: Hoy vendemos 350MW a Colombia\u00bb, se\u00f1al\u00f3 la titular de la Cartera de Estado, a trav\u00e9s de su cuenta de [&hellip;]<\/p>\n","protected":false},"author":3,"featured_media":36880,"comment_status":"open","ping_status":"closed","sticky":false,"template":"","format":"standard","meta":{"_jetpack_memberships_contains_paid_content":false,"footnotes":""},"categories":[13,5496],"tags":[5842],"class_list":["post-36877","post","type-post","status-publish","format-standard","has-post-thumbnail","hentry","category-noticias-nacionales","category-quito","tag-ecuadorcolombia-energiarenovable-cooperacionenergetica-integracionregional"],"jetpack_featured_media_url":"https:\/\/radiocresatelital.com\/wp-content\/uploads\/2025\/09\/e799b2c9-f4d4-4336-879e-3d51bef9319f-1.jpg","jetpack_sharing_enabled":true,"_links":{"self":[{"href":"https:\/\/radiocresatelital.com\/index.php?rest_route=\/wp\/v2\/posts\/36877","targetHints":{"allow":["GET"]}}],"collection":[{"href":"https:\/\/radiocresatelital.com\/index.php?rest_route=\/wp\/v2\/posts"}],"about":[{"href":"https:\/\/radiocresatelital.com\/index.php?rest_route=\/wp\/v2\/types\/post"}],"author":[{"embeddable":true,"href":"https:\/\/radiocresatelital.com\/index.php?rest_route=\/wp\/v2\/users\/3"}],"replies":[{"embeddable":true,"href":"https:\/\/radiocresatelital.com\/index.php?rest_route=%2Fwp%2Fv2%2Fcomments&post=36877"}],"version-history":[{"count":3,"href":"https:\/\/radiocresatelital.com\/index.php?rest_route=\/wp\/v2\/posts\/36877\/revisions"}],"predecessor-version":[{"id":36887,"href":"https:\/\/radiocresatelital.com\/index.php?rest_route=\/wp\/v2\/posts\/36877\/revisions\/36887"}],"wp:featuredmedia":[{"embeddable":true,"href":"https:\/\/radiocresatelital.com\/index.php?rest_route=\/wp\/v2\/media\/36880"}],"wp:attachment":[{"href":"https:\/\/radiocresatelital.com\/index.php?rest_route=%2Fwp%2Fv2%2Fmedia&parent=36877"}],"wp:term":[{"taxonomy":"category","embeddable":true,"href":"https:\/\/radiocresatelital.com\/index.php?rest_route=%2Fwp%2Fv2%2Fcategories&post=36877"},{"taxonomy":"post_tag","embeddable":true,"href":"https:\/\/radiocresatelital.com\/index.php?rest_route=%2Fwp%2Fv2%2Ftags&post=36877"}],"curies":[{"name":"wp","href":"https:\/\/api.w.org\/{rel}","templated":true}]}}