{"id":36840,"date":"2025-09-11T19:11:43","date_gmt":"2025-09-11T19:11:43","guid":{"rendered":"https:\/\/radiocresatelital.com\/?p=36840"},"modified":"2025-09-11T23:15:31","modified_gmt":"2025-09-11T23:15:31","slug":"foro-regional-de-inclusion-financiera-2025-abre-su-primera-jornada-con-un-llamado-a-la-equidad-y-la-sostenibilidad","status":"publish","type":"post","link":"https:\/\/radiocresatelital.com\/?p=36840","title":{"rendered":"Foro Regional de Inclusi\u00f3n Financiera 2025 abre su primera jornada con un llamado a la equidad y la sostenibilidad"},"content":{"rendered":"<p>Quito.- Con debates, exposiciones y conversatorios, altamente t\u00e9cnicos, dio inicio el 25 Foro de Inclusi\u00f3n Financiera, propiciado por la Red de Instituciones Financieras de Desarrollo (RFD). Alrededor de 600 personas en representaci\u00f3n de entidades financieras, organismos internacionales, entre otros, llegaron hasta la Ciudad Mitad del Mundo, en la capital.<\/p>\n<p>A la ceremonia de inauguraci\u00f3n asistieron autoridades nacionales como Alfonso Abdo, viceministro de Cooperaci\u00f3n Internacional, y Patricia Idrobo, viceministra de Econom\u00eda, quienes coincidieron en la necesidad de fortalecer las pol\u00edticas p\u00fablicas que impulsen un sistema financiero m\u00e1s accesible; adem\u00e1s del trabajo en red, entre todos los actores vinculados al sector.<\/p>\n<p>La Directora Ejecutiva de la RFD, Valeria Llerena, dio la bienvenida destacando que: \u201cla inclusi\u00f3n financiera empodera a las personas, especialmente a emprendedores y peque\u00f1os productores; genera empleo y fortalece el tejido productivo; reduce brechas sociales y promueve la equidad. Le brinda dignidad, autonom\u00eda y futuro a miles de familias\u201d.<\/p>\n<p><strong>Tem\u00e1ticas tratadas<\/strong><br \/>\nLa jornada abri\u00f3 el debate con un conversatorio sobre tasas de inter\u00e9s y su impacto en el crecimiento econ\u00f3mico, junto a expertos del Banco Mundial, la ASFI Bolivia y el Banco Central del Ecuador. Charlas magistrales abordaron los principales retos geopol\u00edticos y econ\u00f3micos para la regi\u00f3n.<\/p>\n<p>Lavinia Valbonesi, Primera Dama del Ecuador, present\u00f3 el Proyecto Ana y su impacto en la inclusi\u00f3n econ\u00f3mica de mujeres, destacando la importancia de la suma de esfuerzos entre el servicio p\u00fablico y el sector privado para lograr mayores oportunidades, en beneficio de quienes m\u00e1s lo necesitan.<\/p>\n<p>El an\u00e1lisis continu\u00f3 sobre los riesgos de la re-exclusi\u00f3n financiera en Am\u00e9rica Latina, y las perspectivas pol\u00edticas y econ\u00f3micas para Ecuador y la regi\u00f3n. Un momento destacado fue el conversatorio sobre pol\u00edticas p\u00fablicas para promover la inclusi\u00f3n financiera, con la participaci\u00f3n de CAF, SEPS y Banca de las Oportunidades, quienes resaltaron la importancia de la articulaci\u00f3n regional.<\/p>\n<p>En la apertura del Foro se reafirm\u00f3 el compromiso de continuar construyendo un sistema financiero m\u00e1s justo. La segunda jornada se llevar\u00e1 a cabo este viernes, 12 de septiembre; al cierre, se espera aterrizar en conclusiones que marquen la ruta a seguir para avanzar en el reto de construir una inclusi\u00f3n financiera sostenida.<\/p>\n","protected":false},"excerpt":{"rendered":"<p>Quito.- Con debates, exposiciones y conversatorios, altamente t\u00e9cnicos, dio inicio el 25 Foro de Inclusi\u00f3n Financiera, propiciado por la Red de Instituciones Financieras de Desarrollo (RFD). Alrededor de 600 personas en representaci\u00f3n de entidades financieras, organismos internacionales, entre otros, llegaron hasta la Ciudad Mitad del Mundo, en la capital. A la ceremonia de inauguraci\u00f3n asistieron [&hellip;]<\/p>\n","protected":false},"author":2,"featured_media":0,"comment_status":"open","ping_status":"closed","sticky":false,"template":"","format":"standard","meta":{"_jetpack_memberships_contains_paid_content":false,"footnotes":""},"categories":[13],"tags":[5833],"class_list":["post-36840","post","type-post","status-publish","format-standard","hentry","category-noticias-nacionales","tag-red-de-instituciones-financieras-de-desarrollo"],"jetpack_featured_media_url":"","jetpack_sharing_enabled":true,"_links":{"self":[{"href":"https:\/\/radiocresatelital.com\/index.php?rest_route=\/wp\/v2\/posts\/36840","targetHints":{"allow":["GET"]}}],"collection":[{"href":"https:\/\/radiocresatelital.com\/index.php?rest_route=\/wp\/v2\/posts"}],"about":[{"href":"https:\/\/radiocresatelital.com\/index.php?rest_route=\/wp\/v2\/types\/post"}],"author":[{"embeddable":true,"href":"https:\/\/radiocresatelital.com\/index.php?rest_route=\/wp\/v2\/users\/2"}],"replies":[{"embeddable":true,"href":"https:\/\/radiocresatelital.com\/index.php?rest_route=%2Fwp%2Fv2%2Fcomments&post=36840"}],"version-history":[{"count":1,"href":"https:\/\/radiocresatelital.com\/index.php?rest_route=\/wp\/v2\/posts\/36840\/revisions"}],"predecessor-version":[{"id":36842,"href":"https:\/\/radiocresatelital.com\/index.php?rest_route=\/wp\/v2\/posts\/36840\/revisions\/36842"}],"wp:attachment":[{"href":"https:\/\/radiocresatelital.com\/index.php?rest_route=%2Fwp%2Fv2%2Fmedia&parent=36840"}],"wp:term":[{"taxonomy":"category","embeddable":true,"href":"https:\/\/radiocresatelital.com\/index.php?rest_route=%2Fwp%2Fv2%2Fcategories&post=36840"},{"taxonomy":"post_tag","embeddable":true,"href":"https:\/\/radiocresatelital.com\/index.php?rest_route=%2Fwp%2Fv2%2Ftags&post=36840"}],"curies":[{"name":"wp","href":"https:\/\/api.w.org\/{rel}","templated":true}]}}