{"id":36808,"date":"2025-09-11T18:54:46","date_gmt":"2025-09-11T18:54:46","guid":{"rendered":"https:\/\/radiocresatelital.com\/?p=36808"},"modified":"2025-09-11T21:58:12","modified_gmt":"2025-09-11T21:58:12","slug":"innova-t-latam-2025-llega-a-ecuador-con-los-lideres-de-la-innovacion-tecnologica-de-america-latina","status":"publish","type":"post","link":"https:\/\/radiocresatelital.com\/?p=36808","title":{"rendered":"Innova T Latam 2025 llega a Ecuador con los l\u00edderes de la innovaci\u00f3n tecnol\u00f3gica de Am\u00e9rica Latina"},"content":{"rendered":"<p>Guayaquil. \u2013 Ecuador se convertir\u00e1 en el epicentro de la innovaci\u00f3n y la tecnolog\u00eda con la llegada de Innova T Latam 2025, el congreso que reunir\u00e1 a los principales referentes de la transformaci\u00f3n digital y empresarial de la regi\u00f3n.<\/p>\n<p>El evento se desarrollar\u00e1 en la ciudad de Guayaquil, del 29 de septiembre al 1 de octubre de 2025, y contar\u00e1 con m\u00e1s de 30 conferencias, paneles y workshops en torno a temas clave como Inteligencia Artificial, Computaci\u00f3n Cu\u00e1ntica, Ciberseguridad, Welltech, GreenTech, Fintech y Marketing Inmersivo.<\/p>\n<h3><strong>Agenda con visi\u00f3n de futuro:<\/strong><\/h3>\n<p>La programaci\u00f3n oficial contempla tres d\u00edas de actividades, entre ellos:<\/p>\n<ul>\n<li><strong>Lunes 29 de septiembre<\/strong>\n<ul>\n<li>Registro y acreditaci\u00f3n de invitados especiales y medios de comunicaci\u00f3n.<\/li>\n<li>Apertura oficial con autoridades nacionales e internacionales.<\/li>\n<li>Inauguraci\u00f3n con corte de cinta y recorrido por stands.<\/li>\n<li>C\u00f3ctel de bienvenida.<\/li>\n<\/ul>\n<\/li>\n<li><strong>Martes 30 de septiembre<\/strong>\n<ul>\n<li>Conferencia: <em>De la Inteligencia Artificial a la Computaci\u00f3n Cu\u00e1ntica<\/em>, con <strong>Mar\u00eda de Gonzalo, CEO Smart Pulse<\/strong>.<\/li>\n<li>Panel sobre <em>Tecnolog\u00edas aeroespaciales aplicadas a los sectores productivos del pa\u00eds<\/em>, con <strong>Robert Aill\u00f3n (Ecuador Space Society Leviathan)<\/strong> y <strong>Andreica Maldonado<\/strong>.<\/li>\n<li><em>Welltech: la tecnolog\u00eda detr\u00e1s del bienestar integral<\/em>, con <strong>Arturo C\u00f3rdoba (Supervitality)<\/strong> y <strong>Mar\u00eda Jos\u00e9 Rodr\u00edguez (Motuslab)<\/strong>.<\/li>\n<li><em>GreenTech: innovaci\u00f3n sostenible para los negocios del futuro<\/em>, con <strong>Mois\u00e9s Pascual (Grupo Futuro)<\/strong> y <strong>Claudia Ugarte, CEO Innova T Latam<\/strong>.<\/li>\n<li>Panel <em>Revoluci\u00f3n Tech Industrial<\/em> con <strong>Daniel Pes\u00e1ntez (CNA)<\/strong> y <strong>Xavier C\u00e1rdenas (Agrosoft)<\/strong>.<\/li>\n<li>Espacios sobre <em>Agritech, Redes de Comunicaci\u00f3n con Nokia<\/em> y <em>Creatividad Aumentada con IA<\/em>, liderado por <strong>Luciano Koenig<\/strong>.<\/li>\n<\/ul>\n<\/li>\n<li><strong>Mi\u00e9rcoles 1 de octubre<\/strong>\n<ul>\n<li>Conferencia: <em>Tomando decisiones estrat\u00e9gicas sobre Ciberseguridad<\/em>, con <strong>Juan Gacharna (Manage Engine)<\/strong>.<\/li>\n<li>Workshop: <em>Usos de la IA para negocios inteligentes<\/em>, con <strong>Pablo Vidal (Vibo Platino)<\/strong>.<\/li>\n<li>Keynote: <em>La Inteligencia Artificial como el cerebro de la nueva era<\/em>, con <strong>Mat\u00edas Zardain (Doohmain)<\/strong>.<\/li>\n<li>Panel sobre <em>Identidad digital y seguridad de datos<\/em>, con la participaci\u00f3n de <strong>Banco Guayaquil<\/strong> y <strong>Uanataca<\/strong>.<\/li>\n<li>Panel <em>Women in Business &amp; Tech<\/em>, con <strong>Ivonne Baki<\/strong> y <strong>Dayana Ribas (Kuantica)<\/strong>.<\/li>\n<li>Intervenci\u00f3n de <strong>Cecilia Paredes<\/strong>, Rectora de la ESPOL,y Luis Loaiza \u2013 CEO jelou sobre talento digital en Am\u00e9rica Latina.<\/li>\n<li><em>Marketing de la nueva era<\/em> con <strong>Salesforce y La L\u00ednea Consultores<\/strong>.<\/li>\n<li><em>Show de hologramas y marketing inmersivo<\/em> con <strong>Roberto Miranda (Plan Below)<\/strong>.<\/li>\n<li>Cierre con la conferencia inspiradora de <strong>Claudia Ugarte, CEO de Innova T Latam<\/strong>, y premiaci\u00f3n de stands.<\/li>\n<\/ul>\n<\/li>\n<\/ul>\n<h3><strong>Un ecosistema regional de innovaci\u00f3n<\/strong><\/h3>\n<p>Tras el \u00e9xito de sus ediciones anteriores, Innova T Latam en su cuarta edici\u00f3n busca consolidar al pa\u00eds como un <strong>hub tecnol\u00f3gico y de innovaci\u00f3n<\/strong> en la regi\u00f3n, conectando talento local con referentes globales.<\/p>\n<p>Claudia Ugarte, CEO de Innova T Latam, destac\u00f3:<\/p>\n<p>\u201cNuestra misi\u00f3n es que Ecuador se sume con fuerza a la conversaci\u00f3n global sobre innovaci\u00f3n. Este encuentro ser\u00e1 una plataforma para el talento, las ideas y la transformaci\u00f3n de los sectores productivos\u201d.<\/p>\n<h3><strong>Networking y experiencias exclusivas<\/strong><\/h3>\n<p>El evento contar\u00e1 con:<\/p>\n<ul>\n<li><strong>Almuerzos VIP con l\u00edderes de la regi\u00f3n.<\/strong><\/li>\n<li><strong>Networking de negocios.<\/strong><\/li>\n<li><strong>Workshops<\/strong><\/li>\n<li><strong>Premiaci\u00f3n de las mejores iniciativas tecnol\u00f3gicas.<\/strong><\/li>\n<li><strong>Experiencias inmersivas en hologramas y realidad aumentada.<\/strong><\/li>\n<\/ul>\n","protected":false},"excerpt":{"rendered":"<p>Guayaquil. \u2013 Ecuador se convertir\u00e1 en el epicentro de la innovaci\u00f3n y la tecnolog\u00eda con la llegada de Innova T Latam 2025, el congreso que reunir\u00e1 a los principales referentes de la transformaci\u00f3n digital y empresarial de la regi\u00f3n. El evento se desarrollar\u00e1 en la ciudad de Guayaquil, del 29 de septiembre al 1 de [&hellip;]<\/p>\n","protected":false},"author":2,"featured_media":36809,"comment_status":"open","ping_status":"closed","sticky":false,"template":"","format":"standard","meta":{"_jetpack_memberships_contains_paid_content":false,"footnotes":""},"categories":[13,122],"tags":[5830],"class_list":["post-36808","post","type-post","status-publish","format-standard","has-post-thumbnail","hentry","category-noticias-nacionales","category-tecnologia","tag-innova-t-latam"],"jetpack_featured_media_url":"https:\/\/radiocresatelital.com\/wp-content\/uploads\/2025\/09\/WhatsApp-Image-2025-09-11-at-16.51.47.jpeg","jetpack_sharing_enabled":true,"_links":{"self":[{"href":"https:\/\/radiocresatelital.com\/index.php?rest_route=\/wp\/v2\/posts\/36808","targetHints":{"allow":["GET"]}}],"collection":[{"href":"https:\/\/radiocresatelital.com\/index.php?rest_route=\/wp\/v2\/posts"}],"about":[{"href":"https:\/\/radiocresatelital.com\/index.php?rest_route=\/wp\/v2\/types\/post"}],"author":[{"embeddable":true,"href":"https:\/\/radiocresatelital.com\/index.php?rest_route=\/wp\/v2\/users\/2"}],"replies":[{"embeddable":true,"href":"https:\/\/radiocresatelital.com\/index.php?rest_route=%2Fwp%2Fv2%2Fcomments&post=36808"}],"version-history":[{"count":1,"href":"https:\/\/radiocresatelital.com\/index.php?rest_route=\/wp\/v2\/posts\/36808\/revisions"}],"predecessor-version":[{"id":36810,"href":"https:\/\/radiocresatelital.com\/index.php?rest_route=\/wp\/v2\/posts\/36808\/revisions\/36810"}],"wp:featuredmedia":[{"embeddable":true,"href":"https:\/\/radiocresatelital.com\/index.php?rest_route=\/wp\/v2\/media\/36809"}],"wp:attachment":[{"href":"https:\/\/radiocresatelital.com\/index.php?rest_route=%2Fwp%2Fv2%2Fmedia&parent=36808"}],"wp:term":[{"taxonomy":"category","embeddable":true,"href":"https:\/\/radiocresatelital.com\/index.php?rest_route=%2Fwp%2Fv2%2Fcategories&post=36808"},{"taxonomy":"post_tag","embeddable":true,"href":"https:\/\/radiocresatelital.com\/index.php?rest_route=%2Fwp%2Fv2%2Ftags&post=36808"}],"curies":[{"name":"wp","href":"https:\/\/api.w.org\/{rel}","templated":true}]}}