{"id":36805,"date":"2025-09-11T21:17:04","date_gmt":"2025-09-11T21:17:04","guid":{"rendered":"https:\/\/radiocresatelital.com\/?p=36805"},"modified":"2025-09-11T21:17:23","modified_gmt":"2025-09-11T21:17:23","slug":"se-reanudan-trabajos-en-la-solucion-vial-de-la-av-del-bombero","status":"publish","type":"post","link":"https:\/\/radiocresatelital.com\/?p=36805","title":{"rendered":"Se reanudan trabajos en la soluci\u00f3n vial de la Av. del Bombero"},"content":{"rendered":"<p>Guayaquil.- El Municipio de Guayaquil retom\u00f3, este jueves 11 de septiembre, la construcci\u00f3n de la soluci\u00f3n vial en la Av. del Bombero, en el sector de Los Ceibos, luego de que se demostrara que el proyecto cumple con la normativa ambiental.<\/p>\n<p>Durante un recorrido por el \u00e1rea de trabajos, el alcalde Aquiles Alvarez se refiri\u00f3 al pronunciamiento del Ministerio de Ambiente y fue enf\u00e1tico en se\u00f1alar la continuidad de la obra. \u201cEstoy seguro que la Prefectura no va a hacer caso porque ya termin\u00f3 el proceso administrativo, lo cerr\u00f3, resolvi\u00f3 sobre el mismo y hoy nosotros estamos reiniciando la orden. Hemos presentado toda la documentaci\u00f3n. El Ministerio de Ambiente ni siquiera compareci\u00f3 en el proceso\u201d, expres\u00f3.<\/p>\n<p>La contratista inici\u00f3 labores preliminares que incluyen sondeos, remoci\u00f3n de pavimento r\u00edgido y figurado de acero de refuerzo para la elaboraci\u00f3n de pilotes, que permitir\u00e1n avanzar en las estructuras principales del proyecto.<\/p>\n<p>Durante la ejecuci\u00f3n, la empresa est\u00e1 obligada a cumplir planes bajo la supervisi\u00f3n de la fiscalizaci\u00f3n externa y de la Direcci\u00f3n de Obras P\u00fablicas:<\/p>\n<p>\u2022 Plan de Manejo de Tr\u00e1fico y Seguridad Vial, con se\u00f1alizaci\u00f3n provisional en coordinaci\u00f3n con la ATM.<br \/>\n\u2022 Plan de Manejo Ambiental y Social Ampliado, que contempla m\u00e1s de un centenar de medidas para prevenir, mitigar y compensar los posibles impactos de la obra.<br \/>\n\u2022 Plan de Aseguramiento de Calidad, enfocado en la calidad de materiales y procedimientos de trabajo que garanticen obras de calidad<br \/>\n\u2022 Plan de Socializaci\u00f3n y mecanismo de atenci\u00f3n a requerimientos ciudadanos, a fin de atender oportunamente las necesidades de la comunidad en torno a la obra.<\/p>\n<p>Con una inversi\u00f3n de USD 14,7 millones, financiados parcialmente por la CAF, el proyecto contempla la construcci\u00f3n de un paso elevado de dos cuerpos, un cruce seguro para peatones y un sistema moderno de iluminaci\u00f3n de alta eficiencia que reforzar\u00e1 la seguridad vial.<\/p>\n<p>Se estima que la obra beneficiar\u00e1 a m\u00e1s de 120.000 conductores que circulan diariamente por la Av. del Bombero y la Av. Leopoldo Carrera, adem\u00e1s de generar 1.500 empleos directos durante su ejecuci\u00f3n.<\/p>\n","protected":false},"excerpt":{"rendered":"<p>Guayaquil.- El Municipio de Guayaquil retom\u00f3, este jueves 11 de septiembre, la construcci\u00f3n de la soluci\u00f3n vial en la Av. del Bombero, en el sector de Los Ceibos, luego de que se demostrara que el proyecto cumple con la normativa ambiental. Durante un recorrido por el \u00e1rea de trabajos, el alcalde Aquiles Alvarez se refiri\u00f3 [&hellip;]<\/p>\n","protected":false},"author":2,"featured_media":36806,"comment_status":"open","ping_status":"closed","sticky":false,"template":"","format":"standard","meta":{"_jetpack_memberships_contains_paid_content":false,"footnotes":""},"categories":[33,13],"tags":[114],"class_list":["post-36805","post","type-post","status-publish","format-standard","has-post-thumbnail","hentry","category-guayaquil","category-noticias-nacionales","tag-municipio-de-guayaquil"],"jetpack_featured_media_url":"https:\/\/radiocresatelital.com\/wp-content\/uploads\/2025\/09\/322A6527-scaled.jpg","jetpack_sharing_enabled":true,"_links":{"self":[{"href":"https:\/\/radiocresatelital.com\/index.php?rest_route=\/wp\/v2\/posts\/36805","targetHints":{"allow":["GET"]}}],"collection":[{"href":"https:\/\/radiocresatelital.com\/index.php?rest_route=\/wp\/v2\/posts"}],"about":[{"href":"https:\/\/radiocresatelital.com\/index.php?rest_route=\/wp\/v2\/types\/post"}],"author":[{"embeddable":true,"href":"https:\/\/radiocresatelital.com\/index.php?rest_route=\/wp\/v2\/users\/2"}],"replies":[{"embeddable":true,"href":"https:\/\/radiocresatelital.com\/index.php?rest_route=%2Fwp%2Fv2%2Fcomments&post=36805"}],"version-history":[{"count":1,"href":"https:\/\/radiocresatelital.com\/index.php?rest_route=\/wp\/v2\/posts\/36805\/revisions"}],"predecessor-version":[{"id":36807,"href":"https:\/\/radiocresatelital.com\/index.php?rest_route=\/wp\/v2\/posts\/36805\/revisions\/36807"}],"wp:featuredmedia":[{"embeddable":true,"href":"https:\/\/radiocresatelital.com\/index.php?rest_route=\/wp\/v2\/media\/36806"}],"wp:attachment":[{"href":"https:\/\/radiocresatelital.com\/index.php?rest_route=%2Fwp%2Fv2%2Fmedia&parent=36805"}],"wp:term":[{"taxonomy":"category","embeddable":true,"href":"https:\/\/radiocresatelital.com\/index.php?rest_route=%2Fwp%2Fv2%2Fcategories&post=36805"},{"taxonomy":"post_tag","embeddable":true,"href":"https:\/\/radiocresatelital.com\/index.php?rest_route=%2Fwp%2Fv2%2Ftags&post=36805"}],"curies":[{"name":"wp","href":"https:\/\/api.w.org\/{rel}","templated":true}]}}