{"id":36799,"date":"2025-09-11T17:59:35","date_gmt":"2025-09-11T17:59:35","guid":{"rendered":"https:\/\/radiocresatelital.com\/?p=36799"},"modified":"2025-09-11T21:02:42","modified_gmt":"2025-09-11T21:02:42","slug":"gustadina-renueva-su-imagen-y-apuesta-por-la-innovacion-cercania-y-versatilidad","status":"publish","type":"post","link":"https:\/\/radiocresatelital.com\/?p=36799","title":{"rendered":"Gustadina renueva su imagen y apuesta por la innovaci\u00f3n, cercan\u00eda y versatilidad"},"content":{"rendered":"<p>Quito.\u2013 Con m\u00e1s de 38 a\u00f1os de presencia en la mesa de los ecuatorianos y un portafolio de m\u00e1s de 150 productos, Gustadina present\u00f3 su nueva imagen, una identidad moderna, cercana, juvenil e innovadora, pensada para inspirar \u201cinfinitas maneras de crear\u201d en la cocina. La renovaci\u00f3n responde a c\u00f3mo cocinamos hoy: pr\u00e1ctico, r\u00e1pido y con ganas de experimentar, y fortalece el v\u00ednculo de la marca con el consumidor.<\/p>\n<p>La evoluci\u00f3n moderniza el logotipo y la arquitectura visual, conservando los rasgos hist\u00f3ricos de Gustadina e incorporando tipograf\u00edas m\u00e1s limpias para ganar legibilidad y preferencia en el punto de venta. Los empaques tambi\u00e9n se renuevan con un dise\u00f1o claro y did\u00e1ctico, fotograf\u00edas que transmiten frescura y versatilidad, y mensajes que invitan a explorar nuevas preparaciones.<\/p>\n<p>La innovaci\u00f3n se mantiene como pilar clave de la estrategia. Cada a\u00f1o, la marca optimiza su portafolio, explorando nuevas presentaciones y extensiones de l\u00ednea alineadas a tendencias de consumo. En paralelo, avanza en sostenibilidad con la migraci\u00f3n de envases PET que incorporan material reciclado, marcando el inicio de una ruta hacia empaques m\u00e1s responsables con el medioambiente. Hoy parte del portafolio ya incorpora contenido reciclado.<\/p>\n<p>\u201cEste cambio refleja nuestra convicci\u00f3n de que la cocina es un espacio de creatividad sin l\u00edmites. Queremos seguir siendo la marca confiable y cercana que acompa\u00f1a el d\u00eda a d\u00eda de las familias ecuatorianas, estar m\u00e1s cerca de las nuevas generaciones y mantener la calidad y practicidad que nos caracterizan\u201d, se\u00f1al\u00f3 Manuel Franco, Gerente de Negocio Conservas y Congelados Pronaca.<\/p>\n<p>El portafolio de Gustadina abarca categor\u00edas como salsa de tomate, mayonesa, mostaza, mermeladas, adobos, BBQ, aj\u00edes, palmito, pur\u00e9 de tomate, vinagres, siropes y aceites, entre otras. En ellas, mayonesa, salsa de tomate, mostaza y mermeladas se consolidan como l\u00edneas representativas por su sabor y preferencia. Sobre esa base, la marca reafirma su propuesta de valor: sabor, calidad y practicidad, reforzando su prop\u00f3sito de ser una marca vers\u00e1til que acompa\u00f1a la creatividad en la manera de vivir y disfrutar la cocina.<\/p>\n","protected":false},"excerpt":{"rendered":"<p>Quito.\u2013 Con m\u00e1s de 38 a\u00f1os de presencia en la mesa de los ecuatorianos y un portafolio de m\u00e1s de 150 productos, Gustadina present\u00f3 su nueva imagen, una identidad moderna, cercana, juvenil e innovadora, pensada para inspirar \u201cinfinitas maneras de crear\u201d en la cocina. La renovaci\u00f3n responde a c\u00f3mo cocinamos hoy: pr\u00e1ctico, r\u00e1pido y con [&hellip;]<\/p>\n","protected":false},"author":2,"featured_media":36801,"comment_status":"open","ping_status":"closed","sticky":false,"template":"","format":"standard","meta":{"_jetpack_memberships_contains_paid_content":false,"footnotes":""},"categories":[13],"tags":[5828],"class_list":["post-36799","post","type-post","status-publish","format-standard","has-post-thumbnail","hentry","category-noticias-nacionales","tag-gustadina"],"jetpack_featured_media_url":"https:\/\/radiocresatelital.com\/wp-content\/uploads\/2025\/09\/WhatsApp-Image-2025-09-11-at-15.58.48.jpeg","jetpack_sharing_enabled":true,"_links":{"self":[{"href":"https:\/\/radiocresatelital.com\/index.php?rest_route=\/wp\/v2\/posts\/36799","targetHints":{"allow":["GET"]}}],"collection":[{"href":"https:\/\/radiocresatelital.com\/index.php?rest_route=\/wp\/v2\/posts"}],"about":[{"href":"https:\/\/radiocresatelital.com\/index.php?rest_route=\/wp\/v2\/types\/post"}],"author":[{"embeddable":true,"href":"https:\/\/radiocresatelital.com\/index.php?rest_route=\/wp\/v2\/users\/2"}],"replies":[{"embeddable":true,"href":"https:\/\/radiocresatelital.com\/index.php?rest_route=%2Fwp%2Fv2%2Fcomments&post=36799"}],"version-history":[{"count":1,"href":"https:\/\/radiocresatelital.com\/index.php?rest_route=\/wp\/v2\/posts\/36799\/revisions"}],"predecessor-version":[{"id":36800,"href":"https:\/\/radiocresatelital.com\/index.php?rest_route=\/wp\/v2\/posts\/36799\/revisions\/36800"}],"wp:featuredmedia":[{"embeddable":true,"href":"https:\/\/radiocresatelital.com\/index.php?rest_route=\/wp\/v2\/media\/36801"}],"wp:attachment":[{"href":"https:\/\/radiocresatelital.com\/index.php?rest_route=%2Fwp%2Fv2%2Fmedia&parent=36799"}],"wp:term":[{"taxonomy":"category","embeddable":true,"href":"https:\/\/radiocresatelital.com\/index.php?rest_route=%2Fwp%2Fv2%2Fcategories&post=36799"},{"taxonomy":"post_tag","embeddable":true,"href":"https:\/\/radiocresatelital.com\/index.php?rest_route=%2Fwp%2Fv2%2Ftags&post=36799"}],"curies":[{"name":"wp","href":"https:\/\/api.w.org\/{rel}","templated":true}]}}