{"id":36786,"date":"2025-09-11T20:30:31","date_gmt":"2025-09-11T20:30:31","guid":{"rendered":"https:\/\/radiocresatelital.com\/?p=36786"},"modified":"2025-09-11T20:30:41","modified_gmt":"2025-09-11T20:30:41","slug":"candidatas-a-reina-exploran-la-riqueza-turistica-y-social-de-guayaquil","status":"publish","type":"post","link":"https:\/\/radiocresatelital.com\/?p=36786","title":{"rendered":"Candidatas a Reina exploran la riqueza tur\u00edstica y social de Guayaquil"},"content":{"rendered":"<p>Guayaquil.- Las 13 aspirantes a la corona de Reina de Guayaquil 2025 recorren la ciudad descubriendo sus sitios m\u00e1s emblem\u00e1ticos y participando en actividades sociales que las preparan como futuras embajadoras de la \u201cPerla del Pac\u00edfico\u201d.<\/p>\n<p>La Direcci\u00f3n General de Turismo y Eventos Especiales lidera el recorrido por lugares ic\u00f3nicos de la ciudad. Las candidatas visitaron la Plaza Col\u00f3n, punto hist\u00f3rico que refleja la identidad de Guayaquil; el Museo del Bombero, donde conocieron la labor de quienes protegen la ciudad; y el Museo del Cacao, donde aprendieron sobre la historia del fruto que dio fama internacional al Ecuador.<\/p>\n<p>Una de las experiencias m\u00e1s emocionantes fue el viaje en la Aerov\u00eda, que durante 45 minutos les permiti\u00f3 cruzar el majestuoso r\u00edo Guayas y disfrutar de una vista panor\u00e1mica inigualable de la ciudad, una experiencia que combina turismo y aventura.<\/p>\n<p>\u201cSiempre so\u00f1\u00e9 con ser embajadora de Guayaquil y trabajar en proyectos sociales con ni\u00f1os y adolescentes a trav\u00e9s del arte. Hemos visitado muchos lugares y ha sido incre\u00edble. Por ejemplo, es mi primera vez en el Museo del Cacao, y conocer su historia es algo realmente m\u00e1gico\u201d, mencion\u00f3 la candidata Ivanna Nicola, de 22 a\u00f1os.<\/p>\n<p>Adem\u00e1s, las j\u00f3venes participaron en actividades de car\u00e1cter social, visitando la Casa Guayaca, el Centro de Habilidades Valientes y otras instituciones que trabajan en beneficio de la comunidad, reforzando su compromiso con la acci\u00f3n social.<\/p>\n<p>Las candidatas provienen de diferentes sectores de Guayaquil: Isla Trinitaria, Centro, Alborada, Atarazana y Puerto Azul, reflejando la diversidad y calidez de la juventud de la ciudad.<\/p>\n<p>Con estas experiencias, las aspirantes no solo descubren la riqueza cultural, hist\u00f3rica y tur\u00edstica de Guayaquil, sino que tambi\u00e9n se forman en el compromiso social que caracteriza a la mujer guayaquile\u00f1a, reafirmando que la elecci\u00f3n de Reina es mucho m\u00e1s que belleza: es liderazgo, identidad y servicio.<\/p>\n","protected":false},"excerpt":{"rendered":"<p>Guayaquil.- Las 13 aspirantes a la corona de Reina de Guayaquil 2025 recorren la ciudad descubriendo sus sitios m\u00e1s emblem\u00e1ticos y participando en actividades sociales que las preparan como futuras embajadoras de la \u201cPerla del Pac\u00edfico\u201d. La Direcci\u00f3n General de Turismo y Eventos Especiales lidera el recorrido por lugares ic\u00f3nicos de la ciudad. Las candidatas [&hellip;]<\/p>\n","protected":false},"author":2,"featured_media":36787,"comment_status":"open","ping_status":"closed","sticky":false,"template":"","format":"standard","meta":{"_jetpack_memberships_contains_paid_content":false,"footnotes":""},"categories":[33,13],"tags":[5705],"class_list":["post-36786","post","type-post","status-publish","format-standard","has-post-thumbnail","hentry","category-guayaquil","category-noticias-nacionales","tag-reina-de-guayaquil-2025"],"jetpack_featured_media_url":"https:\/\/radiocresatelital.com\/wp-content\/uploads\/2025\/09\/IMG_1616-scaled.jpg","jetpack_sharing_enabled":true,"_links":{"self":[{"href":"https:\/\/radiocresatelital.com\/index.php?rest_route=\/wp\/v2\/posts\/36786","targetHints":{"allow":["GET"]}}],"collection":[{"href":"https:\/\/radiocresatelital.com\/index.php?rest_route=\/wp\/v2\/posts"}],"about":[{"href":"https:\/\/radiocresatelital.com\/index.php?rest_route=\/wp\/v2\/types\/post"}],"author":[{"embeddable":true,"href":"https:\/\/radiocresatelital.com\/index.php?rest_route=\/wp\/v2\/users\/2"}],"replies":[{"embeddable":true,"href":"https:\/\/radiocresatelital.com\/index.php?rest_route=%2Fwp%2Fv2%2Fcomments&post=36786"}],"version-history":[{"count":1,"href":"https:\/\/radiocresatelital.com\/index.php?rest_route=\/wp\/v2\/posts\/36786\/revisions"}],"predecessor-version":[{"id":36788,"href":"https:\/\/radiocresatelital.com\/index.php?rest_route=\/wp\/v2\/posts\/36786\/revisions\/36788"}],"wp:featuredmedia":[{"embeddable":true,"href":"https:\/\/radiocresatelital.com\/index.php?rest_route=\/wp\/v2\/media\/36787"}],"wp:attachment":[{"href":"https:\/\/radiocresatelital.com\/index.php?rest_route=%2Fwp%2Fv2%2Fmedia&parent=36786"}],"wp:term":[{"taxonomy":"category","embeddable":true,"href":"https:\/\/radiocresatelital.com\/index.php?rest_route=%2Fwp%2Fv2%2Fcategories&post=36786"},{"taxonomy":"post_tag","embeddable":true,"href":"https:\/\/radiocresatelital.com\/index.php?rest_route=%2Fwp%2Fv2%2Ftags&post=36786"}],"curies":[{"name":"wp","href":"https:\/\/api.w.org\/{rel}","templated":true}]}}