{"id":36759,"date":"2025-09-11T18:45:16","date_gmt":"2025-09-11T18:45:16","guid":{"rendered":"https:\/\/radiocresatelital.com\/?p=36759"},"modified":"2025-09-11T18:45:16","modified_gmt":"2025-09-11T18:45:16","slug":"municipio-de-quito-informa-a-los-usuarios-del-trolebus-y-la-ecovia","status":"publish","type":"post","link":"https:\/\/radiocresatelital.com\/?p=36759","title":{"rendered":"Municipio de Quito informa a los usuarios del Troleb\u00fas y la Ecov\u00eda"},"content":{"rendered":"<p>Quito.- El Municipio de Quito a trav\u00e9s de la Empresa de Pasajeros informa a las y los usuarios del Troleb\u00fas y la Ecov\u00eda que, este jueves 11 de septiembre, el servicio modificar\u00e1 temporalmente su operaci\u00f3n debido a la movilizaci\u00f3n convocada por organizaciones sociales.<\/p>\n<p>A partir de las 16h00 locales (21h00 GMT), los corredores municipales realizar\u00e1n los siguientes giros de retorno:<\/p>\n<p><strong>Troleb\u00fas:<\/strong><br \/>\nCircuito C1 (Labrador \u2013 El Recreo)<br \/>\nSentido norte\u2013sur: El Labrador \u2013 Ejido<br \/>\nSentido sur\u2013norte: El Recreo \u2013 La Recoleta<\/p>\n<p><strong>Ecov\u00eda:<\/strong><br \/>\nSe aplicar\u00e1n desv\u00edos de ruta y se suspender\u00e1 la parada Casa de la Cultura para mantener el servicio con normalidad de norte a sur y viceversa.<\/p>\n<p>El personal de operaciones de la Empresa de Pasajeros estar\u00e1 presente en el Puesto de Mando Unificado para monitorear el desarrollo de la movilizaci\u00f3n y tomar decisiones oportunas a fin de garantizar el servicio.<\/p>\n<p>Inf\u00f3rmate a trav\u00e9s de nuestras cuentas: @pasajerosquito en X, Facebook, Instagram y TikTok.<\/p>\n<p>Con informaci\u00f3n oportuna, Quito Renace<\/p>\n","protected":false},"excerpt":{"rendered":"<p>Quito.- El Municipio de Quito a trav\u00e9s de la Empresa de Pasajeros informa a las y los usuarios del Troleb\u00fas y la Ecov\u00eda que, este jueves 11 de septiembre, el servicio modificar\u00e1 temporalmente su operaci\u00f3n debido a la movilizaci\u00f3n convocada por organizaciones sociales. A partir de las 16h00 locales (21h00 GMT), los corredores municipales realizar\u00e1n [&hellip;]<\/p>\n","protected":false},"author":2,"featured_media":36760,"comment_status":"open","ping_status":"closed","sticky":false,"template":"","format":"standard","meta":{"_jetpack_memberships_contains_paid_content":false,"footnotes":""},"categories":[13],"tags":[3850],"class_list":["post-36759","post","type-post","status-publish","format-standard","has-post-thumbnail","hentry","category-noticias-nacionales","tag-municipio-de-quito"],"jetpack_featured_media_url":"https:\/\/radiocresatelital.com\/wp-content\/uploads\/2025\/09\/WhatsApp-Image-2025-09-11-at-10.11.50.jpeg","jetpack_sharing_enabled":true,"_links":{"self":[{"href":"https:\/\/radiocresatelital.com\/index.php?rest_route=\/wp\/v2\/posts\/36759","targetHints":{"allow":["GET"]}}],"collection":[{"href":"https:\/\/radiocresatelital.com\/index.php?rest_route=\/wp\/v2\/posts"}],"about":[{"href":"https:\/\/radiocresatelital.com\/index.php?rest_route=\/wp\/v2\/types\/post"}],"author":[{"embeddable":true,"href":"https:\/\/radiocresatelital.com\/index.php?rest_route=\/wp\/v2\/users\/2"}],"replies":[{"embeddable":true,"href":"https:\/\/radiocresatelital.com\/index.php?rest_route=%2Fwp%2Fv2%2Fcomments&post=36759"}],"version-history":[{"count":1,"href":"https:\/\/radiocresatelital.com\/index.php?rest_route=\/wp\/v2\/posts\/36759\/revisions"}],"predecessor-version":[{"id":36761,"href":"https:\/\/radiocresatelital.com\/index.php?rest_route=\/wp\/v2\/posts\/36759\/revisions\/36761"}],"wp:featuredmedia":[{"embeddable":true,"href":"https:\/\/radiocresatelital.com\/index.php?rest_route=\/wp\/v2\/media\/36760"}],"wp:attachment":[{"href":"https:\/\/radiocresatelital.com\/index.php?rest_route=%2Fwp%2Fv2%2Fmedia&parent=36759"}],"wp:term":[{"taxonomy":"category","embeddable":true,"href":"https:\/\/radiocresatelital.com\/index.php?rest_route=%2Fwp%2Fv2%2Fcategories&post=36759"},{"taxonomy":"post_tag","embeddable":true,"href":"https:\/\/radiocresatelital.com\/index.php?rest_route=%2Fwp%2Fv2%2Ftags&post=36759"}],"curies":[{"name":"wp","href":"https:\/\/api.w.org\/{rel}","templated":true}]}}