{"id":36752,"date":"2025-09-11T18:18:43","date_gmt":"2025-09-11T18:18:43","guid":{"rendered":"https:\/\/radiocresatelital.com\/?p=36752"},"modified":"2025-09-11T18:18:59","modified_gmt":"2025-09-11T18:18:59","slug":"alcalde-visito-el-guasmo-sur-y-acerco-servicios-municipales-a-cientos-de-moradores","status":"publish","type":"post","link":"https:\/\/radiocresatelital.com\/?p=36752","title":{"rendered":"Alcalde visit\u00f3 el Guasmo Sur y acerc\u00f3 servicios municipales a cientos de moradores"},"content":{"rendered":"<p>Guayaquil.- M\u00e1s de 2.000 moradores del Guasmo Sur participaron en una nueva jornada de activaci\u00f3n ciudadana que acerc\u00f3 los servicios de diversas direcciones y empresas p\u00fablicas del Municipio de Guayaquil. La actividad, liderada por el alcalde Aquiles Alvarez, se realiz\u00f3 la ma\u00f1ana de este jueves 11 de septiembre en el complejo deportivo municipal de la cooperativa Guayas y Quil 1.<\/p>\n<p>La iniciativa estuvo dirigida a vecinos de todas las edades y condiciones sociales, con especial atenci\u00f3n a grupos vulnerables como personas con discapacidad, adultos mayores, familias de bajos recursos y comunidades con dificultades para acceder a las oficinas municipales.<\/p>\n<p>El Burgomaestre anunci\u00f3 que en este sector habr\u00e1 brigadas permanentes con un enfoque social y deportivo. \u00abYa est\u00e1 el proceso para cambiar la cancha sint\u00e9tica, vamos a tener cancha nueva y espero me invitan a pelotear un ratito, gracias por recibirnos\u00bb, afirm\u00f3 tras recorrer los stands y saludar a ni\u00f1os que practicaban deportes.<\/p>\n<p>Durante la jornada se realizaron tareas de fumigaci\u00f3n intra y extradomiciliaria, desratizaci\u00f3n y atenci\u00f3n m\u00e9dica por parte de la Direcci\u00f3n de Salud e Higiene. En el stand de Vinculaci\u00f3n con la Comunidad se entregaron especies de los huertos escolares, mientras que la Direcci\u00f3n General de Protecci\u00f3n de los Derechos de los Animales ofreci\u00f3 vacunaci\u00f3n antirr\u00e1bica para mascotas.<\/p>\n<p>Una de las beneficiarias, Teresa Castro, de 78 a\u00f1os, expres\u00f3 su satisfacci\u00f3n: \u00abEsto est\u00e1 bien porque a veces no hay (dinero) y es una ayuda, a veces no hay para nada, ni para el pan\u00bb.<\/p>\n<p>Otras dependencias municipales participaron activamente: la Direcci\u00f3n de Aseo Cantonal, Mercados y Servicios Especiales (DACMSE) inform\u00f3 sobre los horarios de recolecci\u00f3n y correcta disposici\u00f3n de desechos; EMAPAG-EP socializ\u00f3 sobre el uso adecuado del agua; SEGURA-EP dict\u00f3 charlas sobre el buen uso de la v\u00eda p\u00fablica; y DASE EP explic\u00f3 sus programas sociales. La Direcci\u00f3n de Obras P\u00fablicas realiz\u00f3 tareas de adosamiento de cables el\u00e9ctricos y de telecomunicaciones. Tambi\u00e9n estuvieron presentes la Direcciones de la Mujer, Patrimonio Cultural, Inclusi\u00f3n Social, Registro Civil Municipal, y la Jefatura de Movilidad Humana, entre otras.<\/p>\n<p>Desde el inicio de la administraci\u00f3n municipal se han organizado 212 activaciones, beneficiando a 620.823 personas en sectores como Guasmo Norte y Central, y cooperativas como Uni\u00f3n de Bananeros bloque 1, 2 y 3, Proletario con y sin tierra, Hogar para los Pobres, 26 de Abril, Isla Trinitaria, Suburbio y Chong\u00f3n, entre otras.<\/p>\n","protected":false},"excerpt":{"rendered":"<p>Guayaquil.- M\u00e1s de 2.000 moradores del Guasmo Sur participaron en una nueva jornada de activaci\u00f3n ciudadana que acerc\u00f3 los servicios de diversas direcciones y empresas p\u00fablicas del Municipio de Guayaquil. La actividad, liderada por el alcalde Aquiles Alvarez, se realiz\u00f3 la ma\u00f1ana de este jueves 11 de septiembre en el complejo deportivo municipal de la [&hellip;]<\/p>\n","protected":false},"author":2,"featured_media":36753,"comment_status":"open","ping_status":"closed","sticky":false,"template":"","format":"standard","meta":{"_jetpack_memberships_contains_paid_content":false,"footnotes":""},"categories":[13],"tags":[1519,114],"class_list":["post-36752","post","type-post","status-publish","format-standard","has-post-thumbnail","hentry","category-noticias-nacionales","tag-alcalde-aquiles-alvarez","tag-municipio-de-guayaquil"],"jetpack_featured_media_url":"https:\/\/radiocresatelital.com\/wp-content\/uploads\/2025\/09\/01-1-1-scaled.jpeg","jetpack_sharing_enabled":true,"_links":{"self":[{"href":"https:\/\/radiocresatelital.com\/index.php?rest_route=\/wp\/v2\/posts\/36752","targetHints":{"allow":["GET"]}}],"collection":[{"href":"https:\/\/radiocresatelital.com\/index.php?rest_route=\/wp\/v2\/posts"}],"about":[{"href":"https:\/\/radiocresatelital.com\/index.php?rest_route=\/wp\/v2\/types\/post"}],"author":[{"embeddable":true,"href":"https:\/\/radiocresatelital.com\/index.php?rest_route=\/wp\/v2\/users\/2"}],"replies":[{"embeddable":true,"href":"https:\/\/radiocresatelital.com\/index.php?rest_route=%2Fwp%2Fv2%2Fcomments&post=36752"}],"version-history":[{"count":1,"href":"https:\/\/radiocresatelital.com\/index.php?rest_route=\/wp\/v2\/posts\/36752\/revisions"}],"predecessor-version":[{"id":36754,"href":"https:\/\/radiocresatelital.com\/index.php?rest_route=\/wp\/v2\/posts\/36752\/revisions\/36754"}],"wp:featuredmedia":[{"embeddable":true,"href":"https:\/\/radiocresatelital.com\/index.php?rest_route=\/wp\/v2\/media\/36753"}],"wp:attachment":[{"href":"https:\/\/radiocresatelital.com\/index.php?rest_route=%2Fwp%2Fv2%2Fmedia&parent=36752"}],"wp:term":[{"taxonomy":"category","embeddable":true,"href":"https:\/\/radiocresatelital.com\/index.php?rest_route=%2Fwp%2Fv2%2Fcategories&post=36752"},{"taxonomy":"post_tag","embeddable":true,"href":"https:\/\/radiocresatelital.com\/index.php?rest_route=%2Fwp%2Fv2%2Ftags&post=36752"}],"curies":[{"name":"wp","href":"https:\/\/api.w.org\/{rel}","templated":true}]}}