{"id":36749,"date":"2025-09-11T18:10:30","date_gmt":"2025-09-11T18:10:30","guid":{"rendered":"https:\/\/radiocresatelital.com\/?p=36749"},"modified":"2025-09-11T18:10:30","modified_gmt":"2025-09-11T18:10:30","slug":"guayaquil-se-vistio-de-blanco-en-la-marcha-por-la-paz","status":"publish","type":"post","link":"https:\/\/radiocresatelital.com\/?p=36749","title":{"rendered":"Guayaquil se visti\u00f3 de blanco en la marcha por la paz"},"content":{"rendered":"<p>Guayaquil.- Alrededor de 800 buses arribaron a la Perla del Pac\u00edfico con ciudadanos de distintas provincias del pa\u00eds para participar en la marcha por la paz y la unidad, convocada por el presidente Daniel Noboa. \u201cLa ciudadan\u00eda est\u00e1 demostrando el apoyo al trabajo del presidente Daniel Noboa\u201d, se\u00f1al\u00f3 la ministra de Gobierno, Zaida Rovira, al inicio del evento.<\/p>\n<p>En las calles Olmedo y Sim\u00f3n Bol\u00edvar, punto de partida del recorrido, los altavoces entonaban el Himno a la Bandera, intercalado con la hist\u00f3rica frase del expresidente Jaime Rold\u00f3s: \u201cEste Ecuador amaz\u00f3nico desde siempre y hasta siempre. \u00a1Viva la patria!\u201d, alimentando el fervor y el patriotismo de los miles de asistentes que viajaron desde la madrugada para acompa\u00f1ar a su presidente.<\/p>\n<p>\u201cEs una expresi\u00f3n del pueblo ecuatoriano que quiere un mejor pa\u00eds, con paz y seguridad. La ciudadan\u00eda est\u00e1 demostrando el respaldo al trabajo del presidente Daniel Noboa\u201d, reiter\u00f3 la ministra Rovira.<\/p>\n<p>La autoridad inform\u00f3 que, alrededor de las 08:00, ya hab\u00edan ingresado a la ciudad cerca de 500 buses, mientras que otros 300 se encontraban en las inmediaciones. \u201cAqu\u00ed est\u00e1 el pueblo ecuatoriano decidido a marchar por la unidad y la paz\u201d, enfatiz\u00f3.<\/p>\n<p>La movilizaci\u00f3n fue encabezada por la vicepresidenta, Mar\u00eda Jos\u00e9 Pinto; la ministra de Gobierno, Zaida Rovira; el ministro del Interior, John Reimberg, y dem\u00e1s titulares de Estado. La marcha parti\u00f3 desde la calle Olmedo, a la altura del Club de la Uni\u00f3n; avanz\u00f3 por la avenida 9 de Octubre y culmin\u00f3 en la intersecci\u00f3n con la avenida Sim\u00f3n Bol\u00edvar, donde el presidente Daniel Noboa se dirigi\u00f3 a la ciudadan\u00eda: \u201cGuayaquil siempre ha luchado, siempre ha sido rebelde y siempre ha sido victoriosa ante las mafias y la opresi\u00f3n. Nosotros seguiremos luchando, cambiando a este pa\u00eds\u201d, afirm\u00f3.<\/p>\n<p>Los miles de manifestantes se concentraron a lo largo de cuatro cuadras en la avenida Eloy Alfaro, entre Olmedo y Cuenca, y ocuparon tambi\u00e9n dos cuadras de la calle Cuenca, entre Eloy Alfaro y Chimborazo, mientras una extensa fila de veh\u00edculos se extend\u00eda por aproximadamente 20 cuadras.<\/p>\n<p>Con esta masiva jornada de respaldo ciudadano, el Gobierno del Nuevo Ecuador reafirma su compromiso de seguir trabajando en unidad junto al pueblo para consolidar un pa\u00eds m\u00e1s justo, seguro y en paz.<\/p>\n","protected":false},"excerpt":{"rendered":"<p>Guayaquil.- Alrededor de 800 buses arribaron a la Perla del Pac\u00edfico con ciudadanos de distintas provincias del pa\u00eds para participar en la marcha por la paz y la unidad, convocada por el presidente Daniel Noboa. \u201cLa ciudadan\u00eda est\u00e1 demostrando el apoyo al trabajo del presidente Daniel Noboa\u201d, se\u00f1al\u00f3 la ministra de Gobierno, Zaida Rovira, al [&hellip;]<\/p>\n","protected":false},"author":2,"featured_media":36750,"comment_status":"open","ping_status":"closed","sticky":false,"template":"","format":"standard","meta":{"_jetpack_memberships_contains_paid_content":false,"footnotes":""},"categories":[13],"tags":[1338,1598],"class_list":["post-36749","post","type-post","status-publish","format-standard","has-post-thumbnail","hentry","category-noticias-nacionales","tag-ministra-de-gobierno","tag-zaida-rovira"],"jetpack_featured_media_url":"https:\/\/radiocresatelital.com\/wp-content\/uploads\/2025\/09\/photo_5050965086256083334_y.jpg","jetpack_sharing_enabled":true,"_links":{"self":[{"href":"https:\/\/radiocresatelital.com\/index.php?rest_route=\/wp\/v2\/posts\/36749","targetHints":{"allow":["GET"]}}],"collection":[{"href":"https:\/\/radiocresatelital.com\/index.php?rest_route=\/wp\/v2\/posts"}],"about":[{"href":"https:\/\/radiocresatelital.com\/index.php?rest_route=\/wp\/v2\/types\/post"}],"author":[{"embeddable":true,"href":"https:\/\/radiocresatelital.com\/index.php?rest_route=\/wp\/v2\/users\/2"}],"replies":[{"embeddable":true,"href":"https:\/\/radiocresatelital.com\/index.php?rest_route=%2Fwp%2Fv2%2Fcomments&post=36749"}],"version-history":[{"count":1,"href":"https:\/\/radiocresatelital.com\/index.php?rest_route=\/wp\/v2\/posts\/36749\/revisions"}],"predecessor-version":[{"id":36751,"href":"https:\/\/radiocresatelital.com\/index.php?rest_route=\/wp\/v2\/posts\/36749\/revisions\/36751"}],"wp:featuredmedia":[{"embeddable":true,"href":"https:\/\/radiocresatelital.com\/index.php?rest_route=\/wp\/v2\/media\/36750"}],"wp:attachment":[{"href":"https:\/\/radiocresatelital.com\/index.php?rest_route=%2Fwp%2Fv2%2Fmedia&parent=36749"}],"wp:term":[{"taxonomy":"category","embeddable":true,"href":"https:\/\/radiocresatelital.com\/index.php?rest_route=%2Fwp%2Fv2%2Fcategories&post=36749"},{"taxonomy":"post_tag","embeddable":true,"href":"https:\/\/radiocresatelital.com\/index.php?rest_route=%2Fwp%2Fv2%2Ftags&post=36749"}],"curies":[{"name":"wp","href":"https:\/\/api.w.org\/{rel}","templated":true}]}}