{"id":36739,"date":"2025-09-10T23:39:49","date_gmt":"2025-09-10T23:39:49","guid":{"rendered":"https:\/\/radiocresatelital.com\/?p=36739"},"modified":"2025-09-10T23:39:49","modified_gmt":"2025-09-10T23:39:49","slug":"una-valla-tridimensional-en-el-centro-de-la-urbe-proyecta-a-la-capital-americana-del-deporte-2026","status":"publish","type":"post","link":"https:\/\/radiocresatelital.com\/?p=36739","title":{"rendered":"Una valla tridimensional en el centro de la urbe proyecta a la Capital Americana del Deporte 2026"},"content":{"rendered":"<p>Guayaquil.- La ciudad empieza a vivir su reconocimiento como Capital Americana del Deporte 2026 con un innovador video promocional que combina tecnolog\u00eda y emoci\u00f3n. Desde este martes 9 de septiembre, un video tridimensional se proyecta en la intersecci\u00f3n de la avenida 9 de Octubre y Pedro Carbo, reforzando el orgullo ciudadano por este logro hist\u00f3rico.<\/p>\n<p>La valla, ubicada en el edificio San Francisco 300, mostrar\u00e1 la primera de dos piezas publicitarias desarrolladas con tecnolog\u00eda de \u00faltima generaci\u00f3n. La segunda se instalar\u00e1 en el edificio del BIESS, con un dise\u00f1o adaptado a su estructura frontal.<\/p>\n<p>El contenido audiovisual incluye im\u00e1genes din\u00e1micas de j\u00f3venes practicando f\u00fatbol, b\u00e1squet y b\u00e9isbol, junto a la participaci\u00f3n de Nicol\u00e1s Lapentti, s\u00edmbolo del tenis ecuatoriano. Esta propuesta busca transmitir valores de esfuerzo, disciplina y uni\u00f3n, proyectando a Guayaquil como una ciudad vibrante que respira deporte en cada rinc\u00f3n.<\/p>\n<p>Con esta iniciativa, la Alcald\u00eda de Guayaquil fortalece su imagen rumbo a 2026, un a\u00f1o clave en el que la ciudad ser\u00e1 protagonista del calendario deportivo internacional y sede de m\u00faltiples actividades que impulsan la inclusi\u00f3n y la participaci\u00f3n ciudadana.<\/p>\n","protected":false},"excerpt":{"rendered":"<p>Guayaquil.- La ciudad empieza a vivir su reconocimiento como Capital Americana del Deporte 2026 con un innovador video promocional que combina tecnolog\u00eda y emoci\u00f3n. Desde este martes 9 de septiembre, un video tridimensional se proyecta en la intersecci\u00f3n de la avenida 9 de Octubre y Pedro Carbo, reforzando el orgullo ciudadano por este logro hist\u00f3rico. [&hellip;]<\/p>\n","protected":false},"author":2,"featured_media":36740,"comment_status":"open","ping_status":"closed","sticky":false,"template":"","format":"standard","meta":{"_jetpack_memberships_contains_paid_content":false,"footnotes":""},"categories":[33,13],"tags":[3938],"class_list":["post-36739","post","type-post","status-publish","format-standard","has-post-thumbnail","hentry","category-guayaquil","category-noticias-nacionales","tag-capital-americana-del-deporte-2026"],"jetpack_featured_media_url":"https:\/\/radiocresatelital.com\/wp-content\/uploads\/2025\/09\/1-scaled.jpg","jetpack_sharing_enabled":true,"_links":{"self":[{"href":"https:\/\/radiocresatelital.com\/index.php?rest_route=\/wp\/v2\/posts\/36739","targetHints":{"allow":["GET"]}}],"collection":[{"href":"https:\/\/radiocresatelital.com\/index.php?rest_route=\/wp\/v2\/posts"}],"about":[{"href":"https:\/\/radiocresatelital.com\/index.php?rest_route=\/wp\/v2\/types\/post"}],"author":[{"embeddable":true,"href":"https:\/\/radiocresatelital.com\/index.php?rest_route=\/wp\/v2\/users\/2"}],"replies":[{"embeddable":true,"href":"https:\/\/radiocresatelital.com\/index.php?rest_route=%2Fwp%2Fv2%2Fcomments&post=36739"}],"version-history":[{"count":1,"href":"https:\/\/radiocresatelital.com\/index.php?rest_route=\/wp\/v2\/posts\/36739\/revisions"}],"predecessor-version":[{"id":36741,"href":"https:\/\/radiocresatelital.com\/index.php?rest_route=\/wp\/v2\/posts\/36739\/revisions\/36741"}],"wp:featuredmedia":[{"embeddable":true,"href":"https:\/\/radiocresatelital.com\/index.php?rest_route=\/wp\/v2\/media\/36740"}],"wp:attachment":[{"href":"https:\/\/radiocresatelital.com\/index.php?rest_route=%2Fwp%2Fv2%2Fmedia&parent=36739"}],"wp:term":[{"taxonomy":"category","embeddable":true,"href":"https:\/\/radiocresatelital.com\/index.php?rest_route=%2Fwp%2Fv2%2Fcategories&post=36739"},{"taxonomy":"post_tag","embeddable":true,"href":"https:\/\/radiocresatelital.com\/index.php?rest_route=%2Fwp%2Fv2%2Ftags&post=36739"}],"curies":[{"name":"wp","href":"https:\/\/api.w.org\/{rel}","templated":true}]}}