{"id":36688,"date":"2025-09-10T19:51:02","date_gmt":"2025-09-10T19:51:02","guid":{"rendered":"https:\/\/radiocresatelital.com\/?p=36688"},"modified":"2025-09-10T19:51:16","modified_gmt":"2025-09-10T19:51:16","slug":"samanes-malecon-guayarte-y-forestal-se-llenaron-de-hinchas-para-celebrar-el-triunfo-de-ecuador","status":"publish","type":"post","link":"https:\/\/radiocresatelital.com\/?p=36688","title":{"rendered":"Samanes, Malec\u00f3n, Guayarte y Forestal se llenaron de hinchas para celebrar el triunfo de Ecuador"},"content":{"rendered":"<p>Guayaquil.- El gol de Enner Valencia no solo silenci\u00f3 a la campeona del mundo: hizo estallar de emoci\u00f3n a miles de guayaquile\u00f1os que vivieron el triunfo 1-0 de la Tricolor en una verdadera fiesta ciudadana.<\/p>\n<p>La Alcald\u00eda de Guayaquil convirti\u00f3 la Concha Ac\u00fastica del Parque Samanes, el Malec\u00f3n 2000, la Plaza Guayarte y el Parque Forestal en estadios al aire libre. Las pantallas gigantes encendieron la pasi\u00f3n y reunieron a familias enteras que corearon, cantaron y celebraron como si estuvieran en la misma cancha.<\/p>\n<p>Desde temprano, miles de hinchas llegaron con camisetas y banderas para alentar al equipo nacional. El grito de gol retumb\u00f3 al un\u00edsono en todos los puntos de encuentro, en medio de abrazos, l\u00e1grimas y un orgullo que uni\u00f3 a generaciones.<\/p>\n<p>El Cabildo garantiz\u00f3 espacios seguros y gratuitos, con el acompa\u00f1amiento de Agentes de Control Municipal (ACM) y elementos de la Agencia de Tr\u00e1nsito y Movilidad (ATM) que velaron por la tranquilidad de la jornada. Artistas locales y actividades recreativas complementaron la experiencia, transformando la noche en un hito deportivo y cultural.<\/p>\n<p>Estas iniciativas forman parte del compromiso del alcalde Aquiles Alvarez con el sano entretenimiento y la integraci\u00f3n ciudadana, en un a\u00f1o en que Guayaquil festeja la clasificaci\u00f3n al Mundial 2026 y se prepara para asumir el t\u00edtulo de Capital Americana del Deporte 2026<\/p>\n","protected":false},"excerpt":{"rendered":"<p>Guayaquil.- El gol de Enner Valencia no solo silenci\u00f3 a la campeona del mundo: hizo estallar de emoci\u00f3n a miles de guayaquile\u00f1os que vivieron el triunfo 1-0 de la Tricolor en una verdadera fiesta ciudadana. La Alcald\u00eda de Guayaquil convirti\u00f3 la Concha Ac\u00fastica del Parque Samanes, el Malec\u00f3n 2000, la Plaza Guayarte y el Parque [&hellip;]<\/p>\n","protected":false},"author":2,"featured_media":36689,"comment_status":"open","ping_status":"closed","sticky":false,"template":"","format":"standard","meta":{"_jetpack_memberships_contains_paid_content":false,"footnotes":""},"categories":[9,33,13],"tags":[293],"class_list":["post-36688","post","type-post","status-publish","format-standard","has-post-thumbnail","hentry","category-deportes","category-guayaquil","category-noticias-nacionales","tag-alcaldia-de-guayaquil"],"jetpack_featured_media_url":"https:\/\/radiocresatelital.com\/wp-content\/uploads\/2025\/09\/02-1-scaled.jpeg","jetpack_sharing_enabled":true,"_links":{"self":[{"href":"https:\/\/radiocresatelital.com\/index.php?rest_route=\/wp\/v2\/posts\/36688","targetHints":{"allow":["GET"]}}],"collection":[{"href":"https:\/\/radiocresatelital.com\/index.php?rest_route=\/wp\/v2\/posts"}],"about":[{"href":"https:\/\/radiocresatelital.com\/index.php?rest_route=\/wp\/v2\/types\/post"}],"author":[{"embeddable":true,"href":"https:\/\/radiocresatelital.com\/index.php?rest_route=\/wp\/v2\/users\/2"}],"replies":[{"embeddable":true,"href":"https:\/\/radiocresatelital.com\/index.php?rest_route=%2Fwp%2Fv2%2Fcomments&post=36688"}],"version-history":[{"count":1,"href":"https:\/\/radiocresatelital.com\/index.php?rest_route=\/wp\/v2\/posts\/36688\/revisions"}],"predecessor-version":[{"id":36690,"href":"https:\/\/radiocresatelital.com\/index.php?rest_route=\/wp\/v2\/posts\/36688\/revisions\/36690"}],"wp:featuredmedia":[{"embeddable":true,"href":"https:\/\/radiocresatelital.com\/index.php?rest_route=\/wp\/v2\/media\/36689"}],"wp:attachment":[{"href":"https:\/\/radiocresatelital.com\/index.php?rest_route=%2Fwp%2Fv2%2Fmedia&parent=36688"}],"wp:term":[{"taxonomy":"category","embeddable":true,"href":"https:\/\/radiocresatelital.com\/index.php?rest_route=%2Fwp%2Fv2%2Fcategories&post=36688"},{"taxonomy":"post_tag","embeddable":true,"href":"https:\/\/radiocresatelital.com\/index.php?rest_route=%2Fwp%2Fv2%2Ftags&post=36688"}],"curies":[{"name":"wp","href":"https:\/\/api.w.org\/{rel}","templated":true}]}}