{"id":36682,"date":"2025-09-10T19:16:45","date_gmt":"2025-09-10T19:16:45","guid":{"rendered":"https:\/\/radiocresatelital.com\/?p=36682"},"modified":"2025-09-10T20:25:12","modified_gmt":"2025-09-10T20:25:12","slug":"gobierno-de-daniel-noboa-incorpora-al-sistema-nacional-educativo-2-800-nuevos-profesionales","status":"publish","type":"post","link":"https:\/\/radiocresatelital.com\/?p=36682","title":{"rendered":"Gobierno de Daniel Noboa incorpora al Sistema Nacional Educativo 2.800 nuevos profesionales"},"content":{"rendered":"<p>Quito.- Hoy el Ecuador da un paso firme hacia el futuro con la apertura de nuevas oportunidades en el sector educativo. La ma\u00f1ana de este mi\u00e9rcoles 10 de septiembre, el Gobierno Nacional a trav\u00e9s del Ministerio de Educaci\u00f3n, Deporte y Cultura incorpor\u00f3 a 2.800 nuevos profesionales que se integran al Sistema Nacional de Educaci\u00f3n. Esta acci\u00f3n forma parte del Plan de Valorizaci\u00f3n Docente que reivindica la labor de los maestros y maestras del pa\u00eds.<\/p>\n<p>La ministra de esta cartera de Estado, Alegr\u00eda Crespo, en nombre de presidente de la Rep\u00fablica, Daniel Noboa Azin, remarc\u00f3 que el sector educativo es una prioridad. En tal virtud, detall\u00f3 que a trav\u00e9s de la plataforma Educa Empleo y tras un proceso transparente de selecci\u00f3n, este mes se integran a las aulas 2.300 nuevos docentes, quienes potenciar\u00e1n el proceso de aprendizaje; y 500 profesionales que se suman a los Departamentos de Consejer\u00eda Estudiantil (DECE).<\/p>\n<p>\u201cEsta acci\u00f3n representa una inversi\u00f3n cercana a USD 12 millones, pero sobre todo una transformaci\u00f3n para el futuro de nuestra ni\u00f1ez y juventud\u201d. En esta l\u00ednea, Crespo resalt\u00f3 que este proceso, que inici\u00f3 el primer d\u00eda del Gobierno del Nuevo Ecuador para rescatar a los docentes del abandono que enfrentaron por d\u00e9cadas, ahora se traduce en resultados alentadores. \u201cHemos reducido la brecha docente del 1,4 % al 0,67 % asegurando que m\u00e1s aulas tengan un maestro frente a sus estudiantes\u201d, dijo.<\/p>\n<p>Por otro lado, en lo que respecta el \u00e1mbito psicosocial recalc\u00f3 que se redujo el d\u00e9ficit de profesionales DECE de 70,15 % al 58,42 % incrementando la cobertura en casi un 12%. Al momento existen 4.167 DECE a nivel nacional. En este sentido, la Ministra record\u00f3 que en el pasado hubo provincias con apenas un DECE, una de ellas es Gal\u00e1pagos pasando de tener 1 profesional de esta \u00e1rea a 11, garantizando espacios seguros y libres de violencia.<\/p>\n<p><img decoding=\"async\" class=\"aligncenter\" src=\"https:\/\/educacion.gob.ec\/wp-content\/uploads\/2025\/09\/docentes-8.png\" \/>En el marco de este acto la ministra Alegr\u00eda Crespo afirm\u00f3 que \u201cEduca Empleo asigna puestos por cant\u00f3n priorizando a j\u00f3venes reci\u00e9n graduados y abre oportunidades en territorio\u201d. Y anunci\u00f3 que este mes se abre el segundo proceso del a\u00f1o del Concurso de M\u00e9ritos y Oposici\u00f3n con 815 partidas para Bachillerato General Unificado y en octubre \u2013 despu\u00e9s de cinco a\u00f1os \u2013 se efectuar\u00e1 un concurso en las Islas Gal\u00e1pagos con 50 partidas.<\/p>\n<p>Para el docente Patricio Villamar las decisiones del Gobierno Nacional en el \u00e1mbito educativo impulsan a la excelencia profesional y humana. \u201cNuestra misi\u00f3n va m\u00e1s all\u00e1 de realizar un trabajo; nos transformamos en gu\u00edas, en pilares e incluso en un segundo hogar para los estudiantes\u201d. As\u00ed tambi\u00e9n Ligia Andrade, en nombre de los profesionales DECE agradeci\u00f3 al Presidente de la Rep\u00fablica por reconocer la importancia de contar con un sistema educativo robusto; por cuanto \u201cadem\u00e1s de dar acompa\u00f1amiento psicol\u00f3gico, se siembra esperanza (\u2026). Como DECE nos comprometemos a seguir trabajando con nuestra vida, alma y coraz\u00f3n porque nuestros estudiantes merecen un<br \/>\nfuturo lleno de bienestar\u201d, concluy\u00f3.<\/p>\n<p>Para el Gobierno del Nuevo Ecuador es fundamental atender con compromiso a cada ni\u00f1o, joven y maestro de la patria. Por consiguiente, facilita las herramientas necesarias que impulsen el desarrollo educativo del pa\u00eds.<\/p>\n","protected":false},"excerpt":{"rendered":"<p>Quito.- Hoy el Ecuador da un paso firme hacia el futuro con la apertura de nuevas oportunidades en el sector educativo. La ma\u00f1ana de este mi\u00e9rcoles 10 de septiembre, el Gobierno Nacional a trav\u00e9s del Ministerio de Educaci\u00f3n, Deporte y Cultura incorpor\u00f3 a 2.800 nuevos profesionales que se integran al Sistema Nacional de Educaci\u00f3n. Esta [&hellip;]<\/p>\n","protected":false},"author":2,"featured_media":36683,"comment_status":"open","ping_status":"closed","sticky":false,"template":"","format":"standard","meta":{"_jetpack_memberships_contains_paid_content":false,"footnotes":""},"categories":[13],"tags":[157,444],"class_list":["post-36682","post","type-post","status-publish","format-standard","has-post-thumbnail","hentry","category-noticias-nacionales","tag-gobierno-nacional","tag-ministerio-de-educacion"],"jetpack_featured_media_url":"https:\/\/radiocresatelital.com\/wp-content\/uploads\/2025\/09\/54777567472_e8ab6a90c7_c.jpg","jetpack_sharing_enabled":true,"_links":{"self":[{"href":"https:\/\/radiocresatelital.com\/index.php?rest_route=\/wp\/v2\/posts\/36682","targetHints":{"allow":["GET"]}}],"collection":[{"href":"https:\/\/radiocresatelital.com\/index.php?rest_route=\/wp\/v2\/posts"}],"about":[{"href":"https:\/\/radiocresatelital.com\/index.php?rest_route=\/wp\/v2\/types\/post"}],"author":[{"embeddable":true,"href":"https:\/\/radiocresatelital.com\/index.php?rest_route=\/wp\/v2\/users\/2"}],"replies":[{"embeddable":true,"href":"https:\/\/radiocresatelital.com\/index.php?rest_route=%2Fwp%2Fv2%2Fcomments&post=36682"}],"version-history":[{"count":2,"href":"https:\/\/radiocresatelital.com\/index.php?rest_route=\/wp\/v2\/posts\/36682\/revisions"}],"predecessor-version":[{"id":36697,"href":"https:\/\/radiocresatelital.com\/index.php?rest_route=\/wp\/v2\/posts\/36682\/revisions\/36697"}],"wp:featuredmedia":[{"embeddable":true,"href":"https:\/\/radiocresatelital.com\/index.php?rest_route=\/wp\/v2\/media\/36683"}],"wp:attachment":[{"href":"https:\/\/radiocresatelital.com\/index.php?rest_route=%2Fwp%2Fv2%2Fmedia&parent=36682"}],"wp:term":[{"taxonomy":"category","embeddable":true,"href":"https:\/\/radiocresatelital.com\/index.php?rest_route=%2Fwp%2Fv2%2Fcategories&post=36682"},{"taxonomy":"post_tag","embeddable":true,"href":"https:\/\/radiocresatelital.com\/index.php?rest_route=%2Fwp%2Fv2%2Ftags&post=36682"}],"curies":[{"name":"wp","href":"https:\/\/api.w.org\/{rel}","templated":true}]}}