{"id":36679,"date":"2025-09-10T19:05:10","date_gmt":"2025-09-10T19:05:10","guid":{"rendered":"https:\/\/radiocresatelital.com\/?p=36679"},"modified":"2025-09-10T19:05:10","modified_gmt":"2025-09-10T19:05:10","slug":"banecuador-abre-mas-oportunidades-de-financiamiento-para-empresarios","status":"publish","type":"post","link":"https:\/\/radiocresatelital.com\/?p=36679","title":{"rendered":"BanEcuador abre m\u00e1s oportunidades de financiamiento para empresarios"},"content":{"rendered":"<p>Guayaquil.- En un evento que refuerza el compromiso con el sector productivo del pa\u00eds, BanEcuador B.P. y la C\u00e1mara de Comercio de Guayaquil (CCG) realizaron hoy la jornada \u201cImpulso PYME\u201d. El encuentro, que tuvo lugar en la sede de la CCG, destac\u00f3 el rol de las peque\u00f1as y medianas empresas como motor de la econom\u00eda nacional y los resultados de la gesti\u00f3n de BanEcuador en apoyo a este sector.<\/p>\n<p>El evento cont\u00f3 con la presencia de Eduardo Pe\u00f1a H., Presidente del Directorio de BanEcuador B.P.; Jonatan Le\u00f3n, Gerente General de BanEcuador B.P.; y Miguel \u00c1ngel Gonz\u00e1lez, Presidente de la C\u00e1mara de Comercio de Guayaquil, representantes del sector productivo, industria, gremios y asociaciones.<\/p>\n<p>El Presidente del Directorio, Eduardo Pe\u00f1a H. present\u00f3 los productos y servicios dise\u00f1ados especialmente para las PYMES, generando nuevas oportunidades de financiamiento, crecimiento y desarrollo para los empresarios.<\/p>\n<p>Adem\u00e1s, el Gerente General de BanEcuador, Jonatan Le\u00f3n enfatiz\u00f3: \u00a8Somos una banca que busca potenciar a la peque\u00f1a y mediana empresa\u00a8.<\/p>\n<p>Durante su intervenci\u00f3n, el presidente de la C\u00e1mara de Comercio de Guayaquil, Miguel \u00c1ngel Gonz\u00e1lez, destac\u00f3 el valor de este sector. \u00abM\u00e1s del 85% son PYME en el Ecuador y eso es lo que mueve esta econom\u00eda. Hay que creer en las PYME y fortalecer \u00e9ste sector. Gracias a BanEcuador por apoyar a este sector\u00bb, afirm\u00f3.<\/p>\n<p>Desde febrero de \u00e9ste a\u00f1o, BanEcuador incluye en su oferta de productos el Cr\u00e9dito PYME preferencial dirigido a personas naturales y jur\u00eddicas con ventas anuales superiores a $300,000.<\/p>\n<p>Hasta el cierre de agosto, se ha colocado $14.3 millones en 312 operaciones. Este cr\u00e9dito, de hasta $50,000, est\u00e1 destinado exclusivamente a capital de trabajo con plazos de hasta 36 meses y un per\u00edodo de gracia de hasta 3 meses de acuerdo al giro de negocio. Aplica a garant\u00eda quirografaria hasta $50,000 en monto y riesgo directo.<\/p>\n<p>Mar\u00eda Cristina Cano, CEO de la empresa Gestortax S.A., beneficiaria del Cr\u00e9dito PYME Preferencial, invirti\u00f3 el monto en la mejora de sus procesos y en la contrataci\u00f3n de nuevo personal. \u00abLa tasa es conveniente, nos ha ido muy bien. La aprobaci\u00f3n fue r\u00e1pida; una vez que cumpl\u00ed con todos los requisitos, recib\u00ed el cr\u00e9dito\u00bb, destac\u00f3 la empresaria, subrayando la agilidad y el apoyo de BanEcuador al sector productivo y comercial del pa\u00eds.<\/p>\n<p>En lo que va del gobierno del \u00abNuevo Ecuador\u00bb, BanEcuador ha demostrado su enfoque en el crecimiento de las PYMES. La entidad ha colocado m\u00e1s de $166.3 millones en 1,680 operaciones, lo que representa el 17.8% de su colocaci\u00f3n global. Estos recursos han impulsado a miles de emprendedores y empresarios en todo el pa\u00eds.<\/p>\n<p>La jornada tambi\u00e9n incluy\u00f3 la proyecci\u00f3n de un video testimonial que mostr\u00f3 el impacto directo del financiamiento de BanEcuador en el desarrollo de una PYME y un espacio de preguntas y respuestas.<\/p>\n<p>BanEcuador B.P. es una instituci\u00f3n financiera p\u00fablica que tiene como misi\u00f3n brindar servicios financieros inclusivos y sostenibles para impulsar el desarrollo productivo y social de los ecuatorianos, especialmente en el sector rural y en las peque\u00f1as y medianas empresas.<\/p>\n<p>Ingresa a nuestra p\u00e1gina web www.banecuador.fin.ec y ent\u00e9rate m\u00e1s.<\/p>\n","protected":false},"excerpt":{"rendered":"<p>Guayaquil.- En un evento que refuerza el compromiso con el sector productivo del pa\u00eds, BanEcuador B.P. y la C\u00e1mara de Comercio de Guayaquil (CCG) realizaron hoy la jornada \u201cImpulso PYME\u201d. El encuentro, que tuvo lugar en la sede de la CCG, destac\u00f3 el rol de las peque\u00f1as y medianas empresas como motor de la econom\u00eda [&hellip;]<\/p>\n","protected":false},"author":2,"featured_media":36680,"comment_status":"open","ping_status":"closed","sticky":false,"template":"","format":"standard","meta":{"_jetpack_memberships_contains_paid_content":false,"footnotes":""},"categories":[13],"tags":[2165,1532],"class_list":["post-36679","post","type-post","status-publish","format-standard","has-post-thumbnail","hentry","category-noticias-nacionales","tag-banecuador-b-p","tag-camara-de-comercio-de-guayaquil"],"jetpack_featured_media_url":"https:\/\/radiocresatelital.com\/wp-content\/uploads\/2025\/09\/DSC04527.jpg","jetpack_sharing_enabled":true,"_links":{"self":[{"href":"https:\/\/radiocresatelital.com\/index.php?rest_route=\/wp\/v2\/posts\/36679","targetHints":{"allow":["GET"]}}],"collection":[{"href":"https:\/\/radiocresatelital.com\/index.php?rest_route=\/wp\/v2\/posts"}],"about":[{"href":"https:\/\/radiocresatelital.com\/index.php?rest_route=\/wp\/v2\/types\/post"}],"author":[{"embeddable":true,"href":"https:\/\/radiocresatelital.com\/index.php?rest_route=\/wp\/v2\/users\/2"}],"replies":[{"embeddable":true,"href":"https:\/\/radiocresatelital.com\/index.php?rest_route=%2Fwp%2Fv2%2Fcomments&post=36679"}],"version-history":[{"count":1,"href":"https:\/\/radiocresatelital.com\/index.php?rest_route=\/wp\/v2\/posts\/36679\/revisions"}],"predecessor-version":[{"id":36681,"href":"https:\/\/radiocresatelital.com\/index.php?rest_route=\/wp\/v2\/posts\/36679\/revisions\/36681"}],"wp:featuredmedia":[{"embeddable":true,"href":"https:\/\/radiocresatelital.com\/index.php?rest_route=\/wp\/v2\/media\/36680"}],"wp:attachment":[{"href":"https:\/\/radiocresatelital.com\/index.php?rest_route=%2Fwp%2Fv2%2Fmedia&parent=36679"}],"wp:term":[{"taxonomy":"category","embeddable":true,"href":"https:\/\/radiocresatelital.com\/index.php?rest_route=%2Fwp%2Fv2%2Fcategories&post=36679"},{"taxonomy":"post_tag","embeddable":true,"href":"https:\/\/radiocresatelital.com\/index.php?rest_route=%2Fwp%2Fv2%2Ftags&post=36679"}],"curies":[{"name":"wp","href":"https:\/\/api.w.org\/{rel}","templated":true}]}}