{"id":36677,"date":"2025-09-10T18:59:40","date_gmt":"2025-09-10T18:59:40","guid":{"rendered":"https:\/\/radiocresatelital.com\/?p=36677"},"modified":"2025-09-10T18:59:40","modified_gmt":"2025-09-10T18:59:40","slug":"durante-el-gobierno-de-daniel-noboa-se-ha-recuperado-mas-de-15-000-barriles-de-crudo-mediante-el-programa-amazonia-viva","status":"publish","type":"post","link":"https:\/\/radiocresatelital.com\/?p=36677","title":{"rendered":"Durante el Gobierno de Daniel Noboa se ha recuperado m\u00e1s de 15 000 barriles de crudo mediante el programa \u00abAmazon\u00eda Viva\u00bb"},"content":{"rendered":"<p>Quito.- Desde el 2023, el Gobierno Nacional, a trav\u00e9s de Amazon\u00eda Viva -programa ejecutado por EP Petroecuador-, recuper\u00f3 m\u00e1s de 15 000 barriles de crudo, mediante el desarrollo de labores de limpieza y rehabilitaci\u00f3n de las \u00e1reas<br \/>\nafectadas por la operaci\u00f3n hidrocarbur\u00edfera realizada d\u00e9cadas atr\u00e1s.<\/p>\n<p>Personal t\u00e9cnico y operativo del programa realiza labores de limpieza que contemplan la separaci\u00f3n de residuos de hidrocarburo y material org\u00e1nico.<\/p>\n<p>Posteriormente, recupera y procesa el crudo existente en fuentes de contaminaci\u00f3n, a trav\u00e9s de la Planta de Tratamiento y Recuperaci\u00f3n de Sacha, Orellana, con el fin de incorporarlo nuevamente a la producci\u00f3n nacional.<\/p>\n<p>El trabajo comprometido de este programa, registra cifras importantes desde 2023, como:<br \/>\n\u2022 301 fuentes de contaminaci\u00f3n eliminadas.<br \/>\n\u2022 M\u00e1s de 256 000 m3 de suelo remediado.<br \/>\n\u2022 15 200 barriles de crudo reincorporados a la producci\u00f3n nacional.<br \/>\n\u2022 Rehabilitaci\u00f3n de aproximadamente 155 000 m2 de suelo.<br \/>\n\u2022 Revegetaci\u00f3n de un \u00e1rea de superficie de alrededor de 76 000 m2.<\/p>\n<p>El cumplimiento de estos objetivos arroja como resultado un beneficio sustancial para los habitantes de 94 comunidades, ubicadas en 19 parroquias, 9 cantones y 3 provincias de la Regi\u00f3n Amaz\u00f3nica -Orellana, Sucumb\u00edos y Pastaza-, contribuyendo al mejoramiento de su calidad de vida.<\/p>\n<p>Amazon\u00eda Viva tiene como objetivo primordial la protecci\u00f3n, restauraci\u00f3n conservaci\u00f3n y remediaci\u00f3n de los recursos naturales pertenecientes a los suelos amaz\u00f3nicos, donde existi\u00f3 actividad petrolera d\u00e9cadas atr\u00e1s, lo cual se considera como un pasivo ambiental. Adem\u00e1s, centra sus esfuerzos en la limpieza, reconformaci\u00f3n y reforestaci\u00f3n de \u00e1reas operativas.<\/p>\n<p>El programa est\u00e1 conformado por un equipo multidisciplinario de profesionales, que incluye expertos en remediaci\u00f3n de suelos, tecnolog\u00edas ambientales y reforestaci\u00f3n, quienes alinean las metas acorde a lo estipulado en los Objetivos de Desarrollo Sostenible de la ONU sobre la acci\u00f3n por el clima y la vida de ecosistemas terrestres; y el Plan Nacional de Desarrollo.<\/p>\n","protected":false},"excerpt":{"rendered":"<p>Quito.- Desde el 2023, el Gobierno Nacional, a trav\u00e9s de Amazon\u00eda Viva -programa ejecutado por EP Petroecuador-, recuper\u00f3 m\u00e1s de 15 000 barriles de crudo, mediante el desarrollo de labores de limpieza y rehabilitaci\u00f3n de las \u00e1reas afectadas por la operaci\u00f3n hidrocarbur\u00edfera realizada d\u00e9cadas atr\u00e1s. Personal t\u00e9cnico y operativo del programa realiza labores de limpieza [&hellip;]<\/p>\n","protected":false},"author":2,"featured_media":28690,"comment_status":"open","ping_status":"closed","sticky":false,"template":"","format":"standard","meta":{"_jetpack_memberships_contains_paid_content":false,"footnotes":""},"categories":[13],"tags":[1322],"class_list":["post-36677","post","type-post","status-publish","format-standard","has-post-thumbnail","hentry","category-noticias-nacionales","tag-presidente-daniel-noboa"],"jetpack_featured_media_url":"https:\/\/radiocresatelital.com\/wp-content\/uploads\/2025\/05\/Daniel-Noboa-2-1024x683-1.jpg","jetpack_sharing_enabled":true,"_links":{"self":[{"href":"https:\/\/radiocresatelital.com\/index.php?rest_route=\/wp\/v2\/posts\/36677","targetHints":{"allow":["GET"]}}],"collection":[{"href":"https:\/\/radiocresatelital.com\/index.php?rest_route=\/wp\/v2\/posts"}],"about":[{"href":"https:\/\/radiocresatelital.com\/index.php?rest_route=\/wp\/v2\/types\/post"}],"author":[{"embeddable":true,"href":"https:\/\/radiocresatelital.com\/index.php?rest_route=\/wp\/v2\/users\/2"}],"replies":[{"embeddable":true,"href":"https:\/\/radiocresatelital.com\/index.php?rest_route=%2Fwp%2Fv2%2Fcomments&post=36677"}],"version-history":[{"count":1,"href":"https:\/\/radiocresatelital.com\/index.php?rest_route=\/wp\/v2\/posts\/36677\/revisions"}],"predecessor-version":[{"id":36678,"href":"https:\/\/radiocresatelital.com\/index.php?rest_route=\/wp\/v2\/posts\/36677\/revisions\/36678"}],"wp:featuredmedia":[{"embeddable":true,"href":"https:\/\/radiocresatelital.com\/index.php?rest_route=\/wp\/v2\/media\/28690"}],"wp:attachment":[{"href":"https:\/\/radiocresatelital.com\/index.php?rest_route=%2Fwp%2Fv2%2Fmedia&parent=36677"}],"wp:term":[{"taxonomy":"category","embeddable":true,"href":"https:\/\/radiocresatelital.com\/index.php?rest_route=%2Fwp%2Fv2%2Fcategories&post=36677"},{"taxonomy":"post_tag","embeddable":true,"href":"https:\/\/radiocresatelital.com\/index.php?rest_route=%2Fwp%2Fv2%2Ftags&post=36677"}],"curies":[{"name":"wp","href":"https:\/\/api.w.org\/{rel}","templated":true}]}}