{"id":36674,"date":"2025-09-10T18:28:24","date_gmt":"2025-09-10T18:28:24","guid":{"rendered":"https:\/\/radiocresatelital.com\/?p=36674"},"modified":"2025-09-10T18:28:24","modified_gmt":"2025-09-10T18:28:24","slug":"mas-de-217-mil-mujeres-indigenas-reciben-la-proteccion-social-del-ministerio-de-desarrollo-humano-a-nivel-nacional","status":"publish","type":"post","link":"https:\/\/radiocresatelital.com\/?p=36674","title":{"rendered":"M\u00e1s de 217 mil mujeres ind\u00edgenas reciben la protecci\u00f3n social del Ministerio de Desarrollo Humano, a nivel nacional"},"content":{"rendered":"<p>Quito.- En conmemoraci\u00f3n del \u2018D\u00eda Internacional de la Mujer Ind\u00edgena\u2019, que se recuerda cada 5 de septiembre, el Ministerio de Desarrollo Humano (MDH) realiz\u00f3 el evento y la Mesa para la Transformaci\u00f3n y Desarrollo Social, en la ciudad de Guaranda, provincia de Bol\u00edvar. El encuentro cont\u00f3 con la participaci\u00f3n de m\u00e1s de 1000 personas de las comunidades ind\u00edgenas de la zona y se logr\u00f3 visibilizar los derechos de la mujer ind\u00edgena y sus valores ancestrales, \u00e9tnicos y culturales.<\/p>\n<p>A nivel nacional, esta cartera de Estado atiende a 217.480 mujeres ind\u00edgenas, con sus servicios y programas sociales y la entrega de bonos y pensiones. Esto representa una inversi\u00f3n gubernamental de m\u00e1s de USD 106 millones, destinados a la protecci\u00f3n integral de este sector de la poblaci\u00f3n, especialmente de las familias m\u00e1s vulnerables. Adem\u00e1s, cerca de 10 mil mujeres ind\u00edgenas han accedido al Cr\u00e9dito de Desarrollo Humano, con el que han iniciado o fortalecido su propio emprendimiento.<\/p>\n<p>Este espacio de di\u00e1logo, reconocimiento y participaci\u00f3n ciudadana fue liderado por el ministro de Desarrollo Humano, Harold Burbano, y cont\u00f3 con la presencia de l\u00edderes comunitarios, autoridades locales, usuarios de los servicios que brinda el MDH y ciudadan\u00eda en general. Actualmente, en Bol\u00edvar, esta cartera de Estado atiende a 13.413 mujeres ind\u00edgenas con sus servicios sociales, bonos y pensiones.<\/p>\n<p>\u201cEstamos aqu\u00ed para ratificar nuestro compromiso con los pueblos y nacionalidades ind\u00edgenas, pero, especialmente, con las mujeres ind\u00edgenas\u201d, dijo el ministro Burbano. Agreg\u00f3 que escuchar y resolver es tambi\u00e9n parte de la pol\u00edtica que lleva adelante el presidente Noboa. \u201cToda pol\u00edtica social que construimos es pensada en ustedes, pero trabajada junto a ustedes\u201d.<\/p>\n<p>El encuentro permiti\u00f3 que la m\u00e1xima autoridad del MDH escuche y conozca las principales necesidades en territorio. Adem\u00e1s de articular varias acciones para que, en corto y mediano plazo, se encuentren soluciones que fortalezcan la atenci\u00f3n que reciben las personas m\u00e1s vulnerables.<\/p>\n<p>Por su parte, Lilian Herrera, en representaci\u00f3n de las mujeres ind\u00edgenas, dijo que ellas llevan la cultura viva y es su deber preservarla y cuidarla para las futuras generaciones. \u201cHagamos que este Ecuador nuevo e inclusivo sea de acciones; y esas acciones las construimos nosotras\u201d, se\u00f1al\u00f3.<\/p>\n<p>Al finalizar este di\u00e1logo, se firm\u00f3 el \u201cAcuerdo Social por el Nuevo Ecuador\u201d, con el fin de generar respuestas y dar seguimiento a las necesidades planteadas; as\u00ed como, fortalecer los servicios y coordinar acciones con otras instituciones de Estado, en beneficio de las comunidades de Bol\u00edvar.<\/p>\n<p>Desde mayo, hasta agosto de este a\u00f1o, se han efectuado 12 mesas territoriales en comunidades y parroquiales rurales y urbanas de ocho provincias del pa\u00eds, con la participaci\u00f3n de 27.177 personas.<\/p>\n<p>Con estas acciones, el Gobierno del presidente Daniel Noboa, a trav\u00e9s del Ministerio de Desarrollo Humano, defiende y garantiza los derechos de la poblaci\u00f3n m\u00e1s vulnerable. Adem\u00e1s, ratifica su compromiso de disminuir las brechas de acceso para la protecci\u00f3n de las mujeres ind\u00edgenas, m\u00e1s a\u00fan, de aquellas que est\u00e1n en situaci\u00f3n de vulnerabilidad.<\/p>\n","protected":false},"excerpt":{"rendered":"<p>Quito.- En conmemoraci\u00f3n del \u2018D\u00eda Internacional de la Mujer Ind\u00edgena\u2019, que se recuerda cada 5 de septiembre, el Ministerio de Desarrollo Humano (MDH) realiz\u00f3 el evento y la Mesa para la Transformaci\u00f3n y Desarrollo Social, en la ciudad de Guaranda, provincia de Bol\u00edvar. El encuentro cont\u00f3 con la participaci\u00f3n de m\u00e1s de 1000 personas de [&hellip;]<\/p>\n","protected":false},"author":2,"featured_media":36675,"comment_status":"open","ping_status":"closed","sticky":false,"template":"","format":"standard","meta":{"_jetpack_memberships_contains_paid_content":false,"footnotes":""},"categories":[13],"tags":[5816,5618],"class_list":["post-36674","post","type-post","status-publish","format-standard","has-post-thumbnail","hentry","category-noticias-nacionales","tag-dia-internacional-de-la-mujer-indigena","tag-ministerio-de-desarrollo-humano"],"jetpack_featured_media_url":"https:\/\/radiocresatelital.com\/wp-content\/uploads\/2025\/09\/3-1.jpeg","jetpack_sharing_enabled":true,"_links":{"self":[{"href":"https:\/\/radiocresatelital.com\/index.php?rest_route=\/wp\/v2\/posts\/36674","targetHints":{"allow":["GET"]}}],"collection":[{"href":"https:\/\/radiocresatelital.com\/index.php?rest_route=\/wp\/v2\/posts"}],"about":[{"href":"https:\/\/radiocresatelital.com\/index.php?rest_route=\/wp\/v2\/types\/post"}],"author":[{"embeddable":true,"href":"https:\/\/radiocresatelital.com\/index.php?rest_route=\/wp\/v2\/users\/2"}],"replies":[{"embeddable":true,"href":"https:\/\/radiocresatelital.com\/index.php?rest_route=%2Fwp%2Fv2%2Fcomments&post=36674"}],"version-history":[{"count":1,"href":"https:\/\/radiocresatelital.com\/index.php?rest_route=\/wp\/v2\/posts\/36674\/revisions"}],"predecessor-version":[{"id":36676,"href":"https:\/\/radiocresatelital.com\/index.php?rest_route=\/wp\/v2\/posts\/36674\/revisions\/36676"}],"wp:featuredmedia":[{"embeddable":true,"href":"https:\/\/radiocresatelital.com\/index.php?rest_route=\/wp\/v2\/media\/36675"}],"wp:attachment":[{"href":"https:\/\/radiocresatelital.com\/index.php?rest_route=%2Fwp%2Fv2%2Fmedia&parent=36674"}],"wp:term":[{"taxonomy":"category","embeddable":true,"href":"https:\/\/radiocresatelital.com\/index.php?rest_route=%2Fwp%2Fv2%2Fcategories&post=36674"},{"taxonomy":"post_tag","embeddable":true,"href":"https:\/\/radiocresatelital.com\/index.php?rest_route=%2Fwp%2Fv2%2Ftags&post=36674"}],"curies":[{"name":"wp","href":"https:\/\/api.w.org\/{rel}","templated":true}]}}