{"id":36671,"date":"2025-09-10T18:22:06","date_gmt":"2025-09-10T18:22:06","guid":{"rendered":"https:\/\/radiocresatelital.com\/?p=36671"},"modified":"2025-09-10T18:22:06","modified_gmt":"2025-09-10T18:22:06","slug":"del-campo-a-la-mesa-y-el-compromiso-de-cuidar-lo-que-comemos","status":"publish","type":"post","link":"https:\/\/radiocresatelital.com\/?p=36671","title":{"rendered":"Del campo a la mesa y el compromiso de cuidar lo que comemos"},"content":{"rendered":"<p>Quito.- La agricultura en Ecuador es mucho m\u00e1s que un motor econ\u00f3mico: es la base de la seguridad alimentaria y del bienestar de millones de familias. Cada 9 de septiembre, el D\u00eda Mundial de la Agricultura recuerda la importancia de proteger esta actividad esencial, que enfrenta desaf\u00edos crecientes como el cambio clim\u00e1tico, la degradaci\u00f3n de suelos y la aparici\u00f3n de plagas resistentes.<\/p>\n<p>Superar estos retos exige conectar innovaci\u00f3n, clientes y sociedad apostando a un futuro sostenible para la agricultura. Con esa misi\u00f3n en mente, el negocio de Soluciones para la Agricultura de BASF acompa\u00f1a a los agricultores en toda la cadena de valor, desde la semilla hasta la mesa del consumidor, con soluciones que contribuyen a cultivar alimentos seguros y saludables, de forma productiva, cuidando al mismo tiempo los recursos naturales.<\/p>\n<p>Bajo el paraguas de la marca Nunhems\u00ae, la divisi\u00f3n de semillas hort\u00edcolas de BASF trabaja en Ecuador desarrollando variedades de semillas para los cultivos de cebolla y tomate, principalmente. Estas semillas no solo buscan mayor rendimiento y calidad, sino tambi\u00e9n resistencia a enfermedades y adaptaci\u00f3n a las condiciones del mercado, lo que permite a los agricultores producir de manera m\u00e1s sostenible.<\/p>\n<p>\u201cLa agricultura es el puente que une a productores y consumidores. En Ecuador trabajamos para que cada eslab\u00f3n de la cadena, que va desde la semilla hasta la mesa, contribuya a ofrecer alimentos seguros, de calidad, cultivados de forma responsable y que satisfagan las necesidades del consumidor\u201d, afirm\u00f3 Stephanie Valquinta, gerente para el negocio de Soluciones para la Agricultura de BASF Ecuador.<\/p>\n<p>Adem\u00e1s de semillas, BASF ofrece productos fitosanitarios de \u00faltima generaci\u00f3n que ayudan a los agricultores a enfrentar plagas y enfermedades con menor impacto ambiental. La compa\u00f1\u00eda tambi\u00e9n promueve la capacitaci\u00f3n constante y buenas pr\u00e1cticas agr\u00edcolas mediante programas en campo con t\u00e9cnicos especializados en el manejo de cultivos.<\/p>\n","protected":false},"excerpt":{"rendered":"<p>Quito.- La agricultura en Ecuador es mucho m\u00e1s que un motor econ\u00f3mico: es la base de la seguridad alimentaria y del bienestar de millones de familias. Cada 9 de septiembre, el D\u00eda Mundial de la Agricultura recuerda la importancia de proteger esta actividad esencial, que enfrenta desaf\u00edos crecientes como el cambio clim\u00e1tico, la degradaci\u00f3n de [&hellip;]<\/p>\n","protected":false},"author":2,"featured_media":36672,"comment_status":"open","ping_status":"closed","sticky":false,"template":"","format":"standard","meta":{"_jetpack_memberships_contains_paid_content":false,"footnotes":""},"categories":[13],"tags":[5815],"class_list":["post-36671","post","type-post","status-publish","format-standard","has-post-thumbnail","hentry","category-noticias-nacionales","tag-dia-mundial-de-la-agricultura"],"jetpack_featured_media_url":"https:\/\/radiocresatelital.com\/wp-content\/uploads\/2025\/09\/WhatsApp-Image-2025-09-10-at-13.13.58.jpeg","jetpack_sharing_enabled":true,"_links":{"self":[{"href":"https:\/\/radiocresatelital.com\/index.php?rest_route=\/wp\/v2\/posts\/36671","targetHints":{"allow":["GET"]}}],"collection":[{"href":"https:\/\/radiocresatelital.com\/index.php?rest_route=\/wp\/v2\/posts"}],"about":[{"href":"https:\/\/radiocresatelital.com\/index.php?rest_route=\/wp\/v2\/types\/post"}],"author":[{"embeddable":true,"href":"https:\/\/radiocresatelital.com\/index.php?rest_route=\/wp\/v2\/users\/2"}],"replies":[{"embeddable":true,"href":"https:\/\/radiocresatelital.com\/index.php?rest_route=%2Fwp%2Fv2%2Fcomments&post=36671"}],"version-history":[{"count":1,"href":"https:\/\/radiocresatelital.com\/index.php?rest_route=\/wp\/v2\/posts\/36671\/revisions"}],"predecessor-version":[{"id":36673,"href":"https:\/\/radiocresatelital.com\/index.php?rest_route=\/wp\/v2\/posts\/36671\/revisions\/36673"}],"wp:featuredmedia":[{"embeddable":true,"href":"https:\/\/radiocresatelital.com\/index.php?rest_route=\/wp\/v2\/media\/36672"}],"wp:attachment":[{"href":"https:\/\/radiocresatelital.com\/index.php?rest_route=%2Fwp%2Fv2%2Fmedia&parent=36671"}],"wp:term":[{"taxonomy":"category","embeddable":true,"href":"https:\/\/radiocresatelital.com\/index.php?rest_route=%2Fwp%2Fv2%2Fcategories&post=36671"},{"taxonomy":"post_tag","embeddable":true,"href":"https:\/\/radiocresatelital.com\/index.php?rest_route=%2Fwp%2Fv2%2Ftags&post=36671"}],"curies":[{"name":"wp","href":"https:\/\/api.w.org\/{rel}","templated":true}]}}