{"id":36665,"date":"2025-09-10T16:40:45","date_gmt":"2025-09-10T16:40:45","guid":{"rendered":"https:\/\/radiocresatelital.com\/?p=36665"},"modified":"2025-09-10T16:40:45","modified_gmt":"2025-09-10T16:40:45","slug":"mas-de-58-mil-personas-llegaran-a-guayaquil-para-la-marcha-por-la-paz","status":"publish","type":"post","link":"https:\/\/radiocresatelital.com\/?p=36665","title":{"rendered":"M\u00e1s de 58 mil personas llegar\u00e1n a Guayaquil para la marcha por La Paz"},"content":{"rendered":"<div class=\"row\">\n<section id=\"postcontent\" class=\"col-md-9 col-sm-6 line-right\">Guayaquil.-\u00a0En entrevista con radio i99, la Ministra de Gobierno, Zaida Rovira, inform\u00f3 que se espera la llegada de m\u00e1s de 58 mil personas a la ciudad de Guayaquil para participar en la marcha por la paz, que se desarrollar\u00e1 este jueves 11 de septiembre y ser\u00e1 liderada por el presidente Daniel Noboa. A esta convocatoria se sumar\u00e1n tambi\u00e9n los habitantes de la provincia del Guayas que participar\u00e1n en la movilizaci\u00f3n.<\/p>\n<p>La marcha iniciar\u00e1 a las 09:00 en el Palacio de Cristal. El recorrido partir\u00e1 desde la calle Olmedo, a la altura del Club de la Uni\u00f3n; continuar\u00e1 por la avenida 9 de Octubre y finalizar\u00e1 en la intersecci\u00f3n con la avenida Malec\u00f3n.<\/p>\n<p>Rovira destac\u00f3 que\u00a0este ser\u00e1 un espacio festivo que reafirma el compromiso de los ecuatorianos con la unidad y la paz. \u201cNo tenemos una pugna con la Corte Constitucional. Somos respetuosos de la independencia de poderes\u201d, afirm\u00f3.<\/p>\n<p>Durante la entrevista, la titular del Ministerio de Gobierno tambi\u00e9n abord\u00f3 el tema de la Consulta Popular, ratificando que el inter\u00e9s del Gobierno Nacional es fortalecer la seguridad, proteger a los ni\u00f1os y garantizar procesos judiciales transparentes y expeditos. \u201cDespu\u00e9s de haber replanteado las\u00a0preguntas e incorporado nuevas, esperamos que la Corte Constitucional contin\u00fae con el tr\u00e1mite. Estamos convencidos de que cumpliremos con los tiempos para realizar la Consulta Popular a finales de noviembre\u201d, precis\u00f3.<\/p>\n<p>\u201cNo podemos hacer pol\u00edticas p\u00fablicas a espaldas de la gente\u201d, enfatiz\u00f3 la ministra, ratificando que su gesti\u00f3n se desarrolla en territorio, escuchando las necesidades de la ciudadan\u00eda para construir pol\u00edticas p\u00fablicas inclusivas.<\/p>\n<p>Finalmente, anunci\u00f3 que se planifica una agenda de visitas a comunidades de dif\u00edcil acceso a nivel nacional, con el fin de fortalecer la presencia del Estado en cada rinc\u00f3n del pa\u00eds.<\/p>\n<\/section>\n<\/div>\n","protected":false},"excerpt":{"rendered":"<p>Guayaquil.-\u00a0En entrevista con radio i99, la Ministra de Gobierno, Zaida Rovira, inform\u00f3 que se espera la llegada de m\u00e1s de 58 mil personas a la ciudad de Guayaquil para participar en la marcha por la paz, que se desarrollar\u00e1 este jueves 11 de septiembre y ser\u00e1 liderada por el presidente Daniel Noboa. A esta convocatoria [&hellip;]<\/p>\n","protected":false},"author":2,"featured_media":36666,"comment_status":"open","ping_status":"closed","sticky":false,"template":"","format":"standard","meta":{"_jetpack_memberships_contains_paid_content":false,"footnotes":""},"categories":[13],"tags":[1338,1598],"class_list":["post-36665","post","type-post","status-publish","format-standard","has-post-thumbnail","hentry","category-noticias-nacionales","tag-ministra-de-gobierno","tag-zaida-rovira"],"jetpack_featured_media_url":"https:\/\/radiocresatelital.com\/wp-content\/uploads\/2025\/09\/54778517513_6d6d6cb3cb_c.jpg","jetpack_sharing_enabled":true,"_links":{"self":[{"href":"https:\/\/radiocresatelital.com\/index.php?rest_route=\/wp\/v2\/posts\/36665","targetHints":{"allow":["GET"]}}],"collection":[{"href":"https:\/\/radiocresatelital.com\/index.php?rest_route=\/wp\/v2\/posts"}],"about":[{"href":"https:\/\/radiocresatelital.com\/index.php?rest_route=\/wp\/v2\/types\/post"}],"author":[{"embeddable":true,"href":"https:\/\/radiocresatelital.com\/index.php?rest_route=\/wp\/v2\/users\/2"}],"replies":[{"embeddable":true,"href":"https:\/\/radiocresatelital.com\/index.php?rest_route=%2Fwp%2Fv2%2Fcomments&post=36665"}],"version-history":[{"count":1,"href":"https:\/\/radiocresatelital.com\/index.php?rest_route=\/wp\/v2\/posts\/36665\/revisions"}],"predecessor-version":[{"id":36667,"href":"https:\/\/radiocresatelital.com\/index.php?rest_route=\/wp\/v2\/posts\/36665\/revisions\/36667"}],"wp:featuredmedia":[{"embeddable":true,"href":"https:\/\/radiocresatelital.com\/index.php?rest_route=\/wp\/v2\/media\/36666"}],"wp:attachment":[{"href":"https:\/\/radiocresatelital.com\/index.php?rest_route=%2Fwp%2Fv2%2Fmedia&parent=36665"}],"wp:term":[{"taxonomy":"category","embeddable":true,"href":"https:\/\/radiocresatelital.com\/index.php?rest_route=%2Fwp%2Fv2%2Fcategories&post=36665"},{"taxonomy":"post_tag","embeddable":true,"href":"https:\/\/radiocresatelital.com\/index.php?rest_route=%2Fwp%2Fv2%2Ftags&post=36665"}],"curies":[{"name":"wp","href":"https:\/\/api.w.org\/{rel}","templated":true}]}}