{"id":36662,"date":"2025-09-10T16:29:32","date_gmt":"2025-09-10T16:29:32","guid":{"rendered":"https:\/\/radiocresatelital.com\/?p=36662"},"modified":"2025-09-10T16:29:32","modified_gmt":"2025-09-10T16:29:32","slug":"la-prevencion-del-suicidio-en-ecuador-una-prioridad-para-el-gobierno-nacional","status":"publish","type":"post","link":"https:\/\/radiocresatelital.com\/?p=36662","title":{"rendered":"La prevenci\u00f3n del suicidio en Ecuador, una prioridad para el Gobierno Nacional"},"content":{"rendered":"<p>Quito.- Cada 10 de septiembre se conmemora el D\u00eda Mundial para la Prevenci\u00f3n del Suicidio y el Gobierno Nacional, a trav\u00e9s del Ministerio de Salud P\u00fablica (MSP), impulsa acciones para reducir la incidencia de casos de suicidio en el pa\u00eds, adem\u00e1s de fortalecer el trabajo comunitario e interinstitucional y promover servicios de atenci\u00f3n en salud mental.<\/p>\n<p>Durante el mes de septiembre, a prop\u00f3sito de la conmemoraci\u00f3n del D\u00eda Mundial, las nueve Coordinaciones Zonales de Salud del pa\u00eds desarrollar\u00e1n m\u00faltiples actividades, como ferias de salud, carreras deportivas, foros juveniles, talleres de prevenci\u00f3n y festivales art\u00edsticos, con el objetivo de sensibilizar y fomentar la importancia del cuidado de la salud mental en el Ecuador.<\/p>\n<p>Entre las acciones y estrategias de prevenci\u00f3n, atenci\u00f3n y acompa\u00f1amiento en salud mental que promueve el Ministerio de Salud, podemos destacar la l\u00ednea telef\u00f3nica 171, opci\u00f3n 6, para servicio gratuito de atenci\u00f3n de salud mental e intervenci\u00f3n en crisis, que registra en 2024 un total de 334 llamadas atendidas. Asimismo, el Centro de Informaci\u00f3n y Asesoramiento Toxicol\u00f3gico (CIATOX) que brinda apoyo especializado y reporta 3.132 casos de intoxicaciones con fines autol\u00edticos.<\/p>\n<p><img decoding=\"async\" class=\"aligncenter\" src=\"https:\/\/www.salud.gob.ec\/wp-content\/uploads\/2025\/09\/WhatsApp-Image-2025-09-10-at-08.43.05.jpeg\" \/>Como parte de los servicios de salud, el MSP contabiliza 13.886 atenciones relacionadas con comportamiento suicida, mayoritariamente en el primer nivel de atenci\u00f3n, tambi\u00e9n 71 Servicios Ambulatorios Intensivos (SAI) a nivel nacional con equipos multidisciplinarios de profesionales y un 97% de los pacientes que requirieron hospitalizaci\u00f3n recibieron el alta.<\/p>\n<p>Cada a\u00f1o en el mundo al menos 720 mil personas pierden la vida por suicidio, lo que representa un desaf\u00edo en salud p\u00fablica que necesita un abordaje integral y acciones inmediatas. En Ecuador, los principales factores asociados al suicidio son los problemas familiares, sentimentales y el consumo de alcohol, drogas y exposici\u00f3n a otros factores de riesgo psicosociales.<\/p>\n<p>Actualmente el MSP desarrolla la Pol\u00edtica Nacional de Salud Mental, un instrumento que contiene l\u00edneas estrat\u00e9gicas para la prevenci\u00f3n del suicidio. Adem\u00e1s, maneja la problem\u00e1tica del suicidio desde un enfoque de cuidado de la salud y la vida.<\/p>\n<p>El Ministerio de Salud continuar\u00e1 sumando esfuerzos y acciones concretas que promuevan la prevenci\u00f3n del suicidio, \u00a0fortalezcan la corresponsabilidad social e impulsen la construcci\u00f3n de un Ecuador con salud digna y de calidad.<\/p>\n","protected":false},"excerpt":{"rendered":"<p>Quito.- Cada 10 de septiembre se conmemora el D\u00eda Mundial para la Prevenci\u00f3n del Suicidio y el Gobierno Nacional, a trav\u00e9s del Ministerio de Salud P\u00fablica (MSP), impulsa acciones para reducir la incidencia de casos de suicidio en el pa\u00eds, adem\u00e1s de fortalecer el trabajo comunitario e interinstitucional y promover servicios de atenci\u00f3n en salud [&hellip;]<\/p>\n","protected":false},"author":2,"featured_media":36663,"comment_status":"open","ping_status":"closed","sticky":false,"template":"","format":"standard","meta":{"_jetpack_memberships_contains_paid_content":false,"footnotes":""},"categories":[13],"tags":[5814,157,148],"class_list":["post-36662","post","type-post","status-publish","format-standard","has-post-thumbnail","hentry","category-noticias-nacionales","tag-dia-mundial-para-la-prevencion-del-suicidio","tag-gobierno-nacional","tag-ministerio-de-salud-publica"],"jetpack_featured_media_url":"https:\/\/radiocresatelital.com\/wp-content\/uploads\/2025\/09\/WhatsApp-Image-2025-09-10-at-08.43.05-11-1536x1152-1.jpeg","jetpack_sharing_enabled":true,"_links":{"self":[{"href":"https:\/\/radiocresatelital.com\/index.php?rest_route=\/wp\/v2\/posts\/36662","targetHints":{"allow":["GET"]}}],"collection":[{"href":"https:\/\/radiocresatelital.com\/index.php?rest_route=\/wp\/v2\/posts"}],"about":[{"href":"https:\/\/radiocresatelital.com\/index.php?rest_route=\/wp\/v2\/types\/post"}],"author":[{"embeddable":true,"href":"https:\/\/radiocresatelital.com\/index.php?rest_route=\/wp\/v2\/users\/2"}],"replies":[{"embeddable":true,"href":"https:\/\/radiocresatelital.com\/index.php?rest_route=%2Fwp%2Fv2%2Fcomments&post=36662"}],"version-history":[{"count":1,"href":"https:\/\/radiocresatelital.com\/index.php?rest_route=\/wp\/v2\/posts\/36662\/revisions"}],"predecessor-version":[{"id":36664,"href":"https:\/\/radiocresatelital.com\/index.php?rest_route=\/wp\/v2\/posts\/36662\/revisions\/36664"}],"wp:featuredmedia":[{"embeddable":true,"href":"https:\/\/radiocresatelital.com\/index.php?rest_route=\/wp\/v2\/media\/36663"}],"wp:attachment":[{"href":"https:\/\/radiocresatelital.com\/index.php?rest_route=%2Fwp%2Fv2%2Fmedia&parent=36662"}],"wp:term":[{"taxonomy":"category","embeddable":true,"href":"https:\/\/radiocresatelital.com\/index.php?rest_route=%2Fwp%2Fv2%2Fcategories&post=36662"},{"taxonomy":"post_tag","embeddable":true,"href":"https:\/\/radiocresatelital.com\/index.php?rest_route=%2Fwp%2Fv2%2Ftags&post=36662"}],"curies":[{"name":"wp","href":"https:\/\/api.w.org\/{rel}","templated":true}]}}