{"id":36656,"date":"2025-09-10T00:58:18","date_gmt":"2025-09-10T00:58:18","guid":{"rendered":"https:\/\/radiocresatelital.com\/?p=36656"},"modified":"2025-09-10T04:01:48","modified_gmt":"2025-09-10T04:01:48","slug":"pilsener-empezo-la-celebracion-mundialista-de-la-tri-en-nueva-york","status":"publish","type":"post","link":"https:\/\/radiocresatelital.com\/?p=36656","title":{"rendered":"Pilsener empez\u00f3 la celebraci\u00f3n mundialista de la Tri en Nueva York"},"content":{"rendered":"<p>Guayaquil.- La cerveza de los ecuatorianos, Pilsener, escogi\u00f3 Nueva York para encender los \u00e1nimos de los hinchas nacionales alrededor del planeta y unirlos en una gran celebraci\u00f3n junto a La Tri, previo a su quinta participaci\u00f3n en la Copa Mundial de la FIFA.<\/p>\n<p>La bebida elaborada por Cervecer\u00eda Nacional coloc\u00f3 en NY, una de las ciudades sedes del m\u00e1ximo torneo internacional de f\u00fatbol, una imponente valla con pantallas LED. La estructura ocup\u00f3 dos caras de un edificio ubicado en la 7ma Avenida &amp; la calle 33, en el ic\u00f3nico sector de Times Square en el barrio de Manhattan. Una parte de la gigantograf\u00eda mostr\u00f3 a los seleccionados <strong>William Pacho, Mois\u00e9s Caicedo y Piero Hincapi\u00e9<\/strong>, vistiendo \u2018la piel\u2019 de la tricolor.<\/p>\n<p>\u201cLa clasificaci\u00f3n de Ecuador es solo el comienzo de la gran haza\u00f1a que La Tri vivir\u00e1 en su quinta cita mundialista. Desde Pilsener estamos convencidos que su participaci\u00f3n dejar\u00e1 en alto a nuestra querida bandera tricolor, y por eso, los ecuatorianos debemos unirnos en un gran banderazo que mantenga arriba los \u00e1nimos de la Selecci\u00f3n. Hemos querido arrancar esta celebraci\u00f3n por la unidad en Nueva York, porque es una ciudad ic\u00f3nica para la copa del mundo 2026 y porque nos permitir\u00e1 encender los millones de corazones ecuatorianos que laten fuerte por nuestra tricolor\u201d, afirm\u00f3 Jos\u00e9 P\u00e9rez-Vargas, vicepresidente de Marketing de Cervecer\u00eda Nacional.<\/p>\n<p>La Copa Mundial de la FIFA 2026 se jugar\u00e1 de manera conjunta entre Estados Unidos, M\u00e9xico y Canad\u00e1, entre junio y julio del pr\u00f3ximo a\u00f1o. El primer pa\u00eds tendr\u00e1 once ciudades sedes de partidos, entre ellas Nueva York. Se estima que en EE. UU. residen unos 609.000 ecuatorianos; de ese total, m\u00e1s de 420.000, viven en el estado de NY.<\/p>\n","protected":false},"excerpt":{"rendered":"<p>Guayaquil.- La cerveza de los ecuatorianos, Pilsener, escogi\u00f3 Nueva York para encender los \u00e1nimos de los hinchas nacionales alrededor del planeta y unirlos en una gran celebraci\u00f3n junto a La Tri, previo a su quinta participaci\u00f3n en la Copa Mundial de la FIFA. La bebida elaborada por Cervecer\u00eda Nacional coloc\u00f3 en NY, una de las [&hellip;]<\/p>\n","protected":false},"author":2,"featured_media":36657,"comment_status":"open","ping_status":"closed","sticky":false,"template":"","format":"standard","meta":{"_jetpack_memberships_contains_paid_content":false,"footnotes":""},"categories":[955],"tags":[1064],"class_list":["post-36656","post","type-post","status-publish","format-standard","has-post-thumbnail","hentry","category-mundial-de-futbol","tag-cerveceria-nacional"],"jetpack_featured_media_url":"https:\/\/radiocresatelital.com\/wp-content\/uploads\/2025\/09\/Horizontal_tarde_2-scaled.jpg","jetpack_sharing_enabled":true,"_links":{"self":[{"href":"https:\/\/radiocresatelital.com\/index.php?rest_route=\/wp\/v2\/posts\/36656","targetHints":{"allow":["GET"]}}],"collection":[{"href":"https:\/\/radiocresatelital.com\/index.php?rest_route=\/wp\/v2\/posts"}],"about":[{"href":"https:\/\/radiocresatelital.com\/index.php?rest_route=\/wp\/v2\/types\/post"}],"author":[{"embeddable":true,"href":"https:\/\/radiocresatelital.com\/index.php?rest_route=\/wp\/v2\/users\/2"}],"replies":[{"embeddable":true,"href":"https:\/\/radiocresatelital.com\/index.php?rest_route=%2Fwp%2Fv2%2Fcomments&post=36656"}],"version-history":[{"count":1,"href":"https:\/\/radiocresatelital.com\/index.php?rest_route=\/wp\/v2\/posts\/36656\/revisions"}],"predecessor-version":[{"id":36658,"href":"https:\/\/radiocresatelital.com\/index.php?rest_route=\/wp\/v2\/posts\/36656\/revisions\/36658"}],"wp:featuredmedia":[{"embeddable":true,"href":"https:\/\/radiocresatelital.com\/index.php?rest_route=\/wp\/v2\/media\/36657"}],"wp:attachment":[{"href":"https:\/\/radiocresatelital.com\/index.php?rest_route=%2Fwp%2Fv2%2Fmedia&parent=36656"}],"wp:term":[{"taxonomy":"category","embeddable":true,"href":"https:\/\/radiocresatelital.com\/index.php?rest_route=%2Fwp%2Fv2%2Fcategories&post=36656"},{"taxonomy":"post_tag","embeddable":true,"href":"https:\/\/radiocresatelital.com\/index.php?rest_route=%2Fwp%2Fv2%2Ftags&post=36656"}],"curies":[{"name":"wp","href":"https:\/\/api.w.org\/{rel}","templated":true}]}}