{"id":36610,"date":"2025-09-09T20:49:47","date_gmt":"2025-09-09T20:49:47","guid":{"rendered":"https:\/\/radiocresatelital.com\/?p=36610"},"modified":"2025-09-09T20:49:58","modified_gmt":"2025-09-09T20:49:58","slug":"un-ano-de-avances-en-servicios-y-atencion-a-animales-de-compania","status":"publish","type":"post","link":"https:\/\/radiocresatelital.com\/?p=36610","title":{"rendered":"Un a\u00f1o de avances en servicios y atenci\u00f3n a animales de compa\u00f1\u00eda"},"content":{"rendered":"<p>Guayaquil.- Hace un a\u00f1o, la entonces Direcci\u00f3n de Bienestar Animal dio un giro y pas\u00f3 a llamarse Direcci\u00f3n de Protecci\u00f3n de los Derechos de los Animales, un cambio que no qued\u00f3 en lo simb\u00f3lico. Desde entonces, la ciudad ha registrado avance en materia de protecci\u00f3n animal.<\/p>\n<p>Los servicios veterinarios gratuitos crecieron. Brigadas m\u00f3viles y nuevos puntos de atenci\u00f3n llegaron a sectores hist\u00f3ricamente relegados como Guasmo Sur, Monte Sina\u00ed, Fort\u00edn, Chong\u00f3n, Basti\u00f3n Popular, Suburbio y Malvinas, llevando atenci\u00f3n m\u00e9dica directa a miles de mascotas y animales comunitarios.<\/p>\n<p>Las campa\u00f1as masivas de esterilizaci\u00f3n marcaron un r\u00e9cord en julio, con m\u00e1s de 2.600 procedimientos en un solo mes, consolidando la estrategia de control \u00e9tico poblacional y de salud p\u00fablica.<\/p>\n<p>El impacto se expandi\u00f3 a zonas rurales con la inauguraci\u00f3n de la Unidad M\u00e9dica Veterinaria Municipal en Isla Pun\u00e1, que ofrece consultas, esterilizaciones, desparasitaciones, vitaminizaci\u00f3n y ecograf\u00edas. A esto se sumar\u00e1 la apertura de dos nuevos centros municipales en Plaza Guayarte y Fertisa. La capacidad de respuesta tambi\u00e9n se fortaleci\u00f3. En lo que va de 2025, la Direcci\u00f3n ha atendido 5.024 alertas ciudadanas, actuando de forma eficaz frente a casos de maltrato y abandono.<\/p>\n<p>La gesti\u00f3n se ha caracterizado por abrir espacios de corresponsabilidad. Una mesa interinstitucional reuni\u00f3 a fundaciones, ONGs, activistas y ciudadanos, dando origen al Programa de Voluntariado Municipal y a un innovador plan de tenencia responsable en escuelas, desarrollado por la Fundaci\u00f3n PANA, que impulsa la educaci\u00f3n en cuidado animal desde la infancia.<\/p>\n<p>Otro de los pasos m\u00e1s innovadores fue sumar un enfoque psicol\u00f3gico a la atenci\u00f3n de casos de violencia hacia animales, reconociendo que estos hechos suelen estar ligados a contextos de violencia interrelacionada. La incorporaci\u00f3n de una psic\u00f3loga en el equipo marca un antes y un despu\u00e9s en la prevenci\u00f3n.<\/p>\n<p>En paralelo, se avanza en una reforma a la ordenanza municipal que endurecer\u00e1 las sanciones por maltrato animal. El borrador se presentar\u00e1 en diciembre de 2025 con el aporte de actores sociales y t\u00e9cnicos.<\/p>\n<p>Con estas acciones, la Alcald\u00eda de Guayaquil consolida un modelo en el que la gesti\u00f3n municipal, el trabajo colaborativo y la corresponsabilidad ciudadana se integran para garantizar una vida digna y respetuosa a todos los seres vivos<\/p>\n","protected":false},"excerpt":{"rendered":"<p>Guayaquil.- Hace un a\u00f1o, la entonces Direcci\u00f3n de Bienestar Animal dio un giro y pas\u00f3 a llamarse Direcci\u00f3n de Protecci\u00f3n de los Derechos de los Animales, un cambio que no qued\u00f3 en lo simb\u00f3lico. Desde entonces, la ciudad ha registrado avance en materia de protecci\u00f3n animal. Los servicios veterinarios gratuitos crecieron. Brigadas m\u00f3viles y nuevos [&hellip;]<\/p>\n","protected":false},"author":2,"featured_media":36611,"comment_status":"open","ping_status":"closed","sticky":false,"template":"","format":"standard","meta":{"_jetpack_memberships_contains_paid_content":false,"footnotes":""},"categories":[33,13],"tags":[2214,3271],"class_list":["post-36610","post","type-post","status-publish","format-standard","has-post-thumbnail","hentry","category-guayaquil","category-noticias-nacionales","tag-direccion-de-bienestar-animal","tag-direccion-de-proteccion-de-los-derechos-de-los-animales"],"jetpack_featured_media_url":"https:\/\/radiocresatelital.com\/wp-content\/uploads\/2025\/09\/DSC_0005-scaled.jpg","jetpack_sharing_enabled":true,"_links":{"self":[{"href":"https:\/\/radiocresatelital.com\/index.php?rest_route=\/wp\/v2\/posts\/36610","targetHints":{"allow":["GET"]}}],"collection":[{"href":"https:\/\/radiocresatelital.com\/index.php?rest_route=\/wp\/v2\/posts"}],"about":[{"href":"https:\/\/radiocresatelital.com\/index.php?rest_route=\/wp\/v2\/types\/post"}],"author":[{"embeddable":true,"href":"https:\/\/radiocresatelital.com\/index.php?rest_route=\/wp\/v2\/users\/2"}],"replies":[{"embeddable":true,"href":"https:\/\/radiocresatelital.com\/index.php?rest_route=%2Fwp%2Fv2%2Fcomments&post=36610"}],"version-history":[{"count":1,"href":"https:\/\/radiocresatelital.com\/index.php?rest_route=\/wp\/v2\/posts\/36610\/revisions"}],"predecessor-version":[{"id":36612,"href":"https:\/\/radiocresatelital.com\/index.php?rest_route=\/wp\/v2\/posts\/36610\/revisions\/36612"}],"wp:featuredmedia":[{"embeddable":true,"href":"https:\/\/radiocresatelital.com\/index.php?rest_route=\/wp\/v2\/media\/36611"}],"wp:attachment":[{"href":"https:\/\/radiocresatelital.com\/index.php?rest_route=%2Fwp%2Fv2%2Fmedia&parent=36610"}],"wp:term":[{"taxonomy":"category","embeddable":true,"href":"https:\/\/radiocresatelital.com\/index.php?rest_route=%2Fwp%2Fv2%2Fcategories&post=36610"},{"taxonomy":"post_tag","embeddable":true,"href":"https:\/\/radiocresatelital.com\/index.php?rest_route=%2Fwp%2Fv2%2Ftags&post=36610"}],"curies":[{"name":"wp","href":"https:\/\/api.w.org\/{rel}","templated":true}]}}