{"id":36592,"date":"2025-09-09T20:19:19","date_gmt":"2025-09-09T20:19:19","guid":{"rendered":"https:\/\/radiocresatelital.com\/?p=36592"},"modified":"2025-09-09T20:19:19","modified_gmt":"2025-09-09T20:19:19","slug":"msp-lidera-la-mision-de-alto-nivel-para-fortalecer-la-salud-materno-neonatal-en-el-pais","status":"publish","type":"post","link":"https:\/\/radiocresatelital.com\/?p=36592","title":{"rendered":"MSP lidera la misi\u00f3n de alto nivel para fortalecer la salud materno neonatal en el pa\u00eds"},"content":{"rendered":"<p>Quito.-\u00a0En Quito, el Ministerio de Salud P\u00fablica (MSP) con el apoyo de la Organizaci\u00f3n Panamericana de Salud (OPS\/OMS) y en el marco del Comit\u00e9 Interinstitucional de Salud Materna Neonatal, desarrolla la Misi\u00f3n para fortalecer la salud materna y neonatal con la participaci\u00f3n de expertos regionales.<\/p>\n<p>Patricia Solis y Antonio Sanhueza, asesores de OPS, aportaron desde la experiencia y evidencia, las estrategias para que Ecuador reduzca la mortalidad de madres y ni\u00f1os en Ecuador.<\/p>\n<p>En su intervenci\u00f3n el viceministro de Gobernanza de la Salud del MSP, Bernardo Darquea, destac\u00f3: \u201cAgradecemos el contingente que nos da OPS, no solo con la presencia de especialistas internacionales sino tambi\u00e9n nacionales. No podemos hacer una pol\u00edtica sin datos y sin conocer el problema, por eso la importancia de estos espacios\u201d.<\/p>\n<p>Por su parte, Sonia Quezada, representante de OPS en Ecuador, detall\u00f3 que \u00abcontar con informaci\u00f3n confiable no es solo una necesidad estad\u00edstica, sino un requisito \u00e9tico para transformar las pol\u00edticas y pr\u00e1cticas que hacen la diferencia en la vida de las mujeres y reci\u00e9n nacidos\u00bb.<\/p>\n<p>La retroalimentaci\u00f3n de las cifras, permitir\u00e1 al MSP la mejora del estado de salud y el bienestar de mujeres y ni\u00f1os, por lo que, la misi\u00f3n contribuir\u00e1 con aportes para el desarrollo de la Pol\u00edtica Nacional de Reducci\u00f3n de la Morbi-Mortalidad Materna y Neonatal, as\u00ed como la actualizaci\u00f3n de la Pol\u00edtica Intersectorial de Prevenci\u00f3n del Embarazo en Ni\u00f1as y Adolescentes.<\/p>\n<p>Los expertos regionales continuar\u00e1n en el pa\u00eds para realizar visitas t\u00e9cnicas a hospitales p\u00fablicos donde se atienden partos para entregar un informe de recomendaciones al finalizar su misi\u00f3n en el pa\u00eds.<\/p>\n<p>Esta cartera de Estado prioriza la salud de madres y ni\u00f1os a escala nacional e impulsa acciones que garanticen una atenci\u00f3n integral y de calidad en salud.<\/p>\n","protected":false},"excerpt":{"rendered":"<p>Quito.-\u00a0En Quito, el Ministerio de Salud P\u00fablica (MSP) con el apoyo de la Organizaci\u00f3n Panamericana de Salud (OPS\/OMS) y en el marco del Comit\u00e9 Interinstitucional de Salud Materna Neonatal, desarrolla la Misi\u00f3n para fortalecer la salud materna y neonatal con la participaci\u00f3n de expertos regionales. Patricia Solis y Antonio Sanhueza, asesores de OPS, aportaron desde [&hellip;]<\/p>\n","protected":false},"author":2,"featured_media":36593,"comment_status":"open","ping_status":"closed","sticky":false,"template":"","format":"standard","meta":{"_jetpack_memberships_contains_paid_content":false,"footnotes":""},"categories":[13],"tags":[5808,148],"class_list":["post-36592","post","type-post","status-publish","format-standard","has-post-thumbnail","hentry","category-noticias-nacionales","tag-comite-interinstitucional-de-salud-materna-neonatal","tag-ministerio-de-salud-publica"],"jetpack_featured_media_url":"https:\/\/radiocresatelital.com\/wp-content\/uploads\/2025\/09\/WhatsApp-Image-2025-09-09-at-11.18.13-AM-1024x702-1.jpeg","jetpack_sharing_enabled":true,"_links":{"self":[{"href":"https:\/\/radiocresatelital.com\/index.php?rest_route=\/wp\/v2\/posts\/36592","targetHints":{"allow":["GET"]}}],"collection":[{"href":"https:\/\/radiocresatelital.com\/index.php?rest_route=\/wp\/v2\/posts"}],"about":[{"href":"https:\/\/radiocresatelital.com\/index.php?rest_route=\/wp\/v2\/types\/post"}],"author":[{"embeddable":true,"href":"https:\/\/radiocresatelital.com\/index.php?rest_route=\/wp\/v2\/users\/2"}],"replies":[{"embeddable":true,"href":"https:\/\/radiocresatelital.com\/index.php?rest_route=%2Fwp%2Fv2%2Fcomments&post=36592"}],"version-history":[{"count":1,"href":"https:\/\/radiocresatelital.com\/index.php?rest_route=\/wp\/v2\/posts\/36592\/revisions"}],"predecessor-version":[{"id":36594,"href":"https:\/\/radiocresatelital.com\/index.php?rest_route=\/wp\/v2\/posts\/36592\/revisions\/36594"}],"wp:featuredmedia":[{"embeddable":true,"href":"https:\/\/radiocresatelital.com\/index.php?rest_route=\/wp\/v2\/media\/36593"}],"wp:attachment":[{"href":"https:\/\/radiocresatelital.com\/index.php?rest_route=%2Fwp%2Fv2%2Fmedia&parent=36592"}],"wp:term":[{"taxonomy":"category","embeddable":true,"href":"https:\/\/radiocresatelital.com\/index.php?rest_route=%2Fwp%2Fv2%2Fcategories&post=36592"},{"taxonomy":"post_tag","embeddable":true,"href":"https:\/\/radiocresatelital.com\/index.php?rest_route=%2Fwp%2Fv2%2Ftags&post=36592"}],"curies":[{"name":"wp","href":"https:\/\/api.w.org\/{rel}","templated":true}]}}