{"id":36486,"date":"2025-09-09T02:57:14","date_gmt":"2025-09-09T02:57:14","guid":{"rendered":"https:\/\/radiocresatelital.com\/?p=36486"},"modified":"2025-09-09T02:57:14","modified_gmt":"2025-09-09T02:57:14","slug":"obras-pluviales-mitigaran-inundaciones-en-zona-de-via-a-daule-y-mi-lote","status":"publish","type":"post","link":"https:\/\/radiocresatelital.com\/?p=36486","title":{"rendered":"Obras pluviales mitigar\u00e1n inundaciones en zona de V\u00eda a Daule y Mi Lote"},"content":{"rendered":"<p>Guayaquil.- Con el objetivo de reducir las inundaciones que cada invierno afectan a la comunidad, el Municipio de Guayaquil, a trav\u00e9s de EMAPAG EP y con la ejecuci\u00f3n de Interagua, intervendr\u00e1 este a\u00f1o la Av. Gustavo Noboa Bejarano con dos proyectos pluviales.<\/p>\n<p>La primera obra comenzar\u00e1, este mi\u00e9rcoles 10 de septiembre, en el sector conocido como Big Cola, donde se construir\u00e1 una nueva alcantarilla en la intersecci\u00f3n con la V\u00eda a Daule. Se reemplazar\u00e1 la estructura existente de 900 mm de di\u00e1metro por un conducto caj\u00f3n de hormig\u00f3n de 3 metros de ancho, 2 metros de alto y 24 metros de longitud. El proyecto incluye adem\u00e1s cabezales de descarga y enchapado de taludes aguas arriba y aguas abajo.<\/p>\n<p>Durante los trabajos se aplicar\u00e1 inicialmente un cierre parcial de la Av. Gustavo Noboa Bejarano y, en una segunda fase, un cierre total. La Autoridad de Tr\u00e1nsito y Movilidad (ATM) informar\u00e1 oportunamente la fecha de esta medida y las rutas alternas habilitadas.<\/p>\n<p>En paralelo, se encuentra en proceso de licitaci\u00f3n una segunda obra en la misma v\u00eda, a la altura del ingreso a las ciudadelas Mi Lote y Villa Bonita, que reforzar\u00e1 la capacidad de drenaje en ese punto cr\u00edtico y reducir\u00e1 el riesgo de anegamientos en el sector.<\/p>\n<p>La Av. Gustavo Noboa Bejarano constituye un eje estrat\u00e9gico de conexi\u00f3n entre la V\u00eda a Daule y urbanizaciones del noroeste, por lo que los beneficios de ambas intervenciones alcanzan tanto a las industrias de la zona como a los moradores del entorno, entre ellos los 19 mil habitantes de Mi Lote y Villa Bonita.<\/p>\n","protected":false},"excerpt":{"rendered":"<p>Guayaquil.- Con el objetivo de reducir las inundaciones que cada invierno afectan a la comunidad, el Municipio de Guayaquil, a trav\u00e9s de EMAPAG EP y con la ejecuci\u00f3n de Interagua, intervendr\u00e1 este a\u00f1o la Av. Gustavo Noboa Bejarano con dos proyectos pluviales. La primera obra comenzar\u00e1, este mi\u00e9rcoles 10 de septiembre, en el sector conocido [&hellip;]<\/p>\n","protected":false},"author":2,"featured_media":36487,"comment_status":"open","ping_status":"closed","sticky":false,"template":"","format":"standard","meta":{"_jetpack_memberships_contains_paid_content":false,"footnotes":""},"categories":[13],"tags":[2866,114],"class_list":["post-36486","post","type-post","status-publish","format-standard","has-post-thumbnail","hentry","category-noticias-nacionales","tag-emapag-ep","tag-municipio-de-guayaquil"],"jetpack_featured_media_url":"https:\/\/radiocresatelital.com\/wp-content\/uploads\/2025\/09\/WhatsApp-Image-2025-09-08-at-16.43.42-1.jpeg","jetpack_sharing_enabled":true,"_links":{"self":[{"href":"https:\/\/radiocresatelital.com\/index.php?rest_route=\/wp\/v2\/posts\/36486","targetHints":{"allow":["GET"]}}],"collection":[{"href":"https:\/\/radiocresatelital.com\/index.php?rest_route=\/wp\/v2\/posts"}],"about":[{"href":"https:\/\/radiocresatelital.com\/index.php?rest_route=\/wp\/v2\/types\/post"}],"author":[{"embeddable":true,"href":"https:\/\/radiocresatelital.com\/index.php?rest_route=\/wp\/v2\/users\/2"}],"replies":[{"embeddable":true,"href":"https:\/\/radiocresatelital.com\/index.php?rest_route=%2Fwp%2Fv2%2Fcomments&post=36486"}],"version-history":[{"count":1,"href":"https:\/\/radiocresatelital.com\/index.php?rest_route=\/wp\/v2\/posts\/36486\/revisions"}],"predecessor-version":[{"id":36488,"href":"https:\/\/radiocresatelital.com\/index.php?rest_route=\/wp\/v2\/posts\/36486\/revisions\/36488"}],"wp:featuredmedia":[{"embeddable":true,"href":"https:\/\/radiocresatelital.com\/index.php?rest_route=\/wp\/v2\/media\/36487"}],"wp:attachment":[{"href":"https:\/\/radiocresatelital.com\/index.php?rest_route=%2Fwp%2Fv2%2Fmedia&parent=36486"}],"wp:term":[{"taxonomy":"category","embeddable":true,"href":"https:\/\/radiocresatelital.com\/index.php?rest_route=%2Fwp%2Fv2%2Fcategories&post=36486"},{"taxonomy":"post_tag","embeddable":true,"href":"https:\/\/radiocresatelital.com\/index.php?rest_route=%2Fwp%2Fv2%2Ftags&post=36486"}],"curies":[{"name":"wp","href":"https:\/\/api.w.org\/{rel}","templated":true}]}}