{"id":36483,"date":"2025-09-09T02:48:10","date_gmt":"2025-09-09T02:48:10","guid":{"rendered":"https:\/\/radiocresatelital.com\/?p=36483"},"modified":"2025-09-09T02:48:10","modified_gmt":"2025-09-09T02:48:10","slug":"movimiento-reto-bajo-investigacion-del-tribunal-contencioso-electoral-tras-resolucion-del-cne","status":"publish","type":"post","link":"https:\/\/radiocresatelital.com\/?p=36483","title":{"rendered":"Movimiento RETO bajo investigaci\u00f3n del Tribunal Contencioso Electoral tras resoluci\u00f3n del CNE"},"content":{"rendered":"<p>Quito.- El Movimiento Renovaci\u00f3n Total (RETO) podr\u00eda enfrentar sanciones conforme al C\u00f3digo de la Democracia, luego de que el Consejo Nacional Electoral (CNE) aprobara una resoluci\u00f3n para remitir un informe al Tribunal Contencioso Electoral (TCE).<\/p>\n<p>El 6 de septiembre anterior, con cuatro votos a favor, el CNE decidi\u00f3 enviar al TCE un informe que confirma que RETO, lista 33, no present\u00f3 los informes econ\u00f3micos y financieros correspondientes al ejercicio fiscal 2024. Adem\u00e1s, un an\u00e1lisis jur\u00eddico determin\u00f3 que el movimiento no utiliz\u00f3 el sistema contable obligatorio para el financiamiento de la pol\u00edtica, lo que habr\u00eda impedido un adecuado control de ingresos y egresos durante el a\u00f1o electoral y los comicios.<\/p>\n<p>En caso de ser sancionado, seg\u00fan el C\u00f3digo de la Democracia establece multas que oscilan entre 20 y 70 salarios b\u00e1sicos unificados, adem\u00e1s de la suspensi\u00f3n de los derechos pol\u00edticos por un per\u00edodo de 2 a 4 a\u00f1os, as\u00ed tambi\u00e9n, se contempla la posible cancelaci\u00f3n de la inscripci\u00f3n del movimiento, medidas que podr\u00edan afectar directamente a Ra\u00fal Ch\u00e1vez, asamble\u00edsta y Presidente de RETO.<\/p>\n<p>Hasta el momento, Ra\u00fal Ch\u00e1vez no se ha pronunciado sobre el proceso, sin embargo, Luis Fernando Molina, Asamble\u00edsta de Revoluci\u00f3n Ciudadana (RC), denunci\u00f3 una persecuci\u00f3n pol\u00edtica contra RETO, mencionando que el Alcalde de Guayaquil, Aquiles \u00c1lvarez, tambi\u00e9n es v\u00edctima de esta situaci\u00f3n, enfatizando: \u201cCuando no logran ganar en las urnas, recurren a una \u2018justicia electoral\u2019 subordinada, siempre lista para proscribir a quienes ejercen oposici\u00f3n pol\u00edtica\u201d; por otro lado agreg\u00f3: \u201cNo se trata solo de dos l\u00edderes; es la defensa de la democracia, el derecho a elegir y a pensar diferente\u201d.<\/p>\n<p>Mientras tanto, el movimiento RETO permanece en alerta a la espera de la resoluci\u00f3n que emitir\u00e1 el Tribunal Contencioso Electoral.<\/p>\n<p>Reportera: Ver\u00f3nica Chal\u00e9n Rosas<br \/>\n<a href=\"mailto:vchalenr@unemi.edu.ec\">vchalenr@unemi.edu.ec<\/a><\/p>\n","protected":false},"excerpt":{"rendered":"<p>Quito.- El Movimiento Renovaci\u00f3n Total (RETO) podr\u00eda enfrentar sanciones conforme al C\u00f3digo de la Democracia, luego de que el Consejo Nacional Electoral (CNE) aprobara una resoluci\u00f3n para remitir un informe al Tribunal Contencioso Electoral (TCE). El 6 de septiembre anterior, con cuatro votos a favor, el CNE decidi\u00f3 enviar al TCE un informe que confirma [&hellip;]<\/p>\n","protected":false},"author":2,"featured_media":36484,"comment_status":"open","ping_status":"closed","sticky":false,"template":"","format":"standard","meta":{"_jetpack_memberships_contains_paid_content":false,"footnotes":""},"categories":[13],"tags":[5787],"class_list":["post-36483","post","type-post","status-publish","format-standard","has-post-thumbnail","hentry","category-noticias-nacionales","tag-movimiento-renovacion-total"],"jetpack_featured_media_url":"https:\/\/radiocresatelital.com\/wp-content\/uploads\/2025\/09\/WhatsApp-Image-2025-09-08-at-21.20.45.jpeg","jetpack_sharing_enabled":true,"_links":{"self":[{"href":"https:\/\/radiocresatelital.com\/index.php?rest_route=\/wp\/v2\/posts\/36483","targetHints":{"allow":["GET"]}}],"collection":[{"href":"https:\/\/radiocresatelital.com\/index.php?rest_route=\/wp\/v2\/posts"}],"about":[{"href":"https:\/\/radiocresatelital.com\/index.php?rest_route=\/wp\/v2\/types\/post"}],"author":[{"embeddable":true,"href":"https:\/\/radiocresatelital.com\/index.php?rest_route=\/wp\/v2\/users\/2"}],"replies":[{"embeddable":true,"href":"https:\/\/radiocresatelital.com\/index.php?rest_route=%2Fwp%2Fv2%2Fcomments&post=36483"}],"version-history":[{"count":1,"href":"https:\/\/radiocresatelital.com\/index.php?rest_route=\/wp\/v2\/posts\/36483\/revisions"}],"predecessor-version":[{"id":36485,"href":"https:\/\/radiocresatelital.com\/index.php?rest_route=\/wp\/v2\/posts\/36483\/revisions\/36485"}],"wp:featuredmedia":[{"embeddable":true,"href":"https:\/\/radiocresatelital.com\/index.php?rest_route=\/wp\/v2\/media\/36484"}],"wp:attachment":[{"href":"https:\/\/radiocresatelital.com\/index.php?rest_route=%2Fwp%2Fv2%2Fmedia&parent=36483"}],"wp:term":[{"taxonomy":"category","embeddable":true,"href":"https:\/\/radiocresatelital.com\/index.php?rest_route=%2Fwp%2Fv2%2Fcategories&post=36483"},{"taxonomy":"post_tag","embeddable":true,"href":"https:\/\/radiocresatelital.com\/index.php?rest_route=%2Fwp%2Fv2%2Ftags&post=36483"}],"curies":[{"name":"wp","href":"https:\/\/api.w.org\/{rel}","templated":true}]}}