{"id":36480,"date":"2025-09-09T02:42:39","date_gmt":"2025-09-09T02:42:39","guid":{"rendered":"https:\/\/radiocresatelital.com\/?p=36480"},"modified":"2025-09-09T02:42:39","modified_gmt":"2025-09-09T02:42:39","slug":"reclamo-urgente-de-ame-al-ministerio-de-finanzas-por-asignaciones-pendientes","status":"publish","type":"post","link":"https:\/\/radiocresatelital.com\/?p=36480","title":{"rendered":"Reclamo urgente de AME al Ministerio de Finanzas por asignaciones pendientes"},"content":{"rendered":"<p>Quito.- La Asociaci\u00f3n de Municipalidades Ecuatorianas (AME) emiti\u00f3 un pronunciamiento claro: \u201cLas deudas del Gobierno Nacional con los municipios han provocado una crisis institucional, territorial y de servicio\u201d.<\/p>\n<p>El gremio advirti\u00f3 que la acumulaci\u00f3n de estas deudas, han generado dificultades en los servicios b\u00e1sicos e inseguridad, afectando directamente en la vida cotidiana de la poblaci\u00f3n con prolongados racionamientos de agua potable y frecuentes robos en zonas perif\u00e9ricas.<\/p>\n<p>Seg\u00fan la AME, la deuda del Gobierno Nacional asciende a 566 millones de d\u00f3lares, esto como parte de la b\u00fasqueda de soluciones, la organizaci\u00f3n anunci\u00f3 que presentar\u00e1 una demanda por el incumplimiento, tanto de la Constituci\u00f3n como del art\u00edculo 200 del C\u00f3digo Org\u00e1nico de Organizaci\u00f3n Territorial, Autonom\u00eda y Descentralizaci\u00f3n (Cootad), el cual, establece transferencias directas, autom\u00e1ticas y eficaces para atender los problemas locales.<\/p>\n<p>Adem\u00e1s, exigieron al Ministerio de Econom\u00eda y Finanzas, en representaci\u00f3n del Gobierno Nacional, la emisi\u00f3n urgente del acuerdo ministerial contemplado en la Ley de Alivio Financiero, que deber\u00eda haberse implementado en un plazo de 30 d\u00edas y que facilitar\u00eda la compensaci\u00f3n de saldos mediante el cruce de cuentas.<\/p>\n<p>Asimismo, AME pidi\u00f3 a la Asamblea Nacional que procese los pagos con el mismo compromiso que demuestran en otras \u00e1reas, seg\u00fan declararon sus dirigentes.<\/p>\n<p>Hasta el momento, no existe ninguna respuesta oficial respecto al procedimiento a seguir tras el anuncio de la AME.<\/p>\n<p>Reportera: Ver\u00f3nica Chal\u00e9n Rosas<br \/>\n<a href=\"mailto:vchalenr@unemi.edu.ec\">vchalenr@unemi.edu.ec<\/a><\/p>\n","protected":false},"excerpt":{"rendered":"<p>Quito.- La Asociaci\u00f3n de Municipalidades Ecuatorianas (AME) emiti\u00f3 un pronunciamiento claro: \u201cLas deudas del Gobierno Nacional con los municipios han provocado una crisis institucional, territorial y de servicio\u201d. El gremio advirti\u00f3 que la acumulaci\u00f3n de estas deudas, han generado dificultades en los servicios b\u00e1sicos e inseguridad, afectando directamente en la vida cotidiana de la poblaci\u00f3n [&hellip;]<\/p>\n","protected":false},"author":2,"featured_media":36481,"comment_status":"open","ping_status":"closed","sticky":false,"template":"","format":"standard","meta":{"_jetpack_memberships_contains_paid_content":false,"footnotes":""},"categories":[13],"tags":[1595],"class_list":["post-36480","post","type-post","status-publish","format-standard","has-post-thumbnail","hentry","category-noticias-nacionales","tag-ame"],"jetpack_featured_media_url":"https:\/\/radiocresatelital.com\/wp-content\/uploads\/2025\/09\/WhatsApp-Image-2025-09-08-at-20.23.19.jpeg","jetpack_sharing_enabled":true,"_links":{"self":[{"href":"https:\/\/radiocresatelital.com\/index.php?rest_route=\/wp\/v2\/posts\/36480","targetHints":{"allow":["GET"]}}],"collection":[{"href":"https:\/\/radiocresatelital.com\/index.php?rest_route=\/wp\/v2\/posts"}],"about":[{"href":"https:\/\/radiocresatelital.com\/index.php?rest_route=\/wp\/v2\/types\/post"}],"author":[{"embeddable":true,"href":"https:\/\/radiocresatelital.com\/index.php?rest_route=\/wp\/v2\/users\/2"}],"replies":[{"embeddable":true,"href":"https:\/\/radiocresatelital.com\/index.php?rest_route=%2Fwp%2Fv2%2Fcomments&post=36480"}],"version-history":[{"count":1,"href":"https:\/\/radiocresatelital.com\/index.php?rest_route=\/wp\/v2\/posts\/36480\/revisions"}],"predecessor-version":[{"id":36482,"href":"https:\/\/radiocresatelital.com\/index.php?rest_route=\/wp\/v2\/posts\/36480\/revisions\/36482"}],"wp:featuredmedia":[{"embeddable":true,"href":"https:\/\/radiocresatelital.com\/index.php?rest_route=\/wp\/v2\/media\/36481"}],"wp:attachment":[{"href":"https:\/\/radiocresatelital.com\/index.php?rest_route=%2Fwp%2Fv2%2Fmedia&parent=36480"}],"wp:term":[{"taxonomy":"category","embeddable":true,"href":"https:\/\/radiocresatelital.com\/index.php?rest_route=%2Fwp%2Fv2%2Fcategories&post=36480"},{"taxonomy":"post_tag","embeddable":true,"href":"https:\/\/radiocresatelital.com\/index.php?rest_route=%2Fwp%2Fv2%2Ftags&post=36480"}],"curies":[{"name":"wp","href":"https:\/\/api.w.org\/{rel}","templated":true}]}}