{"id":36477,"date":"2025-09-09T02:38:30","date_gmt":"2025-09-09T02:38:30","guid":{"rendered":"https:\/\/radiocresatelital.com\/?p=36477"},"modified":"2025-09-09T02:38:30","modified_gmt":"2025-09-09T02:38:30","slug":"msp-expide-historico-acuerdo-ministerial-para-el-pago-a-las-residencias-medicas-y-de-enfermeria","status":"publish","type":"post","link":"https:\/\/radiocresatelital.com\/?p=36477","title":{"rendered":"MSP expide hist\u00f3rico acuerdo ministerial para el pago a las residencias m\u00e9dicas y de enfermer\u00eda"},"content":{"rendered":"<p>Quito.- Este lunes 8 de septiembre de 2025, el Ministerio de Salud P\u00fablica (MSP) expidi\u00f3 el Acuerdo Ministerial que contempla las directrices para la implementaci\u00f3n de la nueva figura de m\u00e9dico y enfermero residente en los establecimientos de salud.<\/p>\n<p>Por primera vez en Ecuador, las residencias m\u00e9dicas en la Red P\u00fablica Integral de Salud (RPIS) ser\u00e1n recompensadas con una asignaci\u00f3n econ\u00f3mica acorde a sus actividades, mejorando las condiciones formativas y permitiendo que los profesionales de la salud puedan acceder a las especializaciones dentro del pa\u00eds, evitando la fuga de talentos.<\/p>\n<p>Los m\u00e9dicos y enfermeros residentes, en calidad de estudiantes, que se incorporen a los establecimientos de la RPIS, recibir\u00e1n una asignaci\u00f3n econ\u00f3mica:\u00a0<em>USD 1.412 para los m\u00e9dicos residentes y USD 1.086 para los licenciados en enfermer\u00eda,\u00a0<\/em>por el tiempo que dure la especializaci\u00f3n, sin que genere relaci\u00f3n laboral.<\/p>\n<p>Adem\u00e1s, ser\u00e1n afiliados al seguro social por parte de los establecimientos de salud de la RPIS donde cursen su posgrado.<\/p>\n<p>El n\u00famero de m\u00e9dicos y enfermeros residentes de la RPIS se establecer\u00e1 seg\u00fan la capacidad asistencial de cada establecimiento y de la planificaci\u00f3n de profesionales de la salud aprobada a cada subsistema.<\/p>\n<p>El modelo de compensaci\u00f3n ser\u00e1 equivalente al 1\u00d71, es decir, los profesionales de la salud tendr\u00e1n la obligaci\u00f3n de cumplir un per\u00edodo equivalente a los a\u00f1os de su formaci\u00f3n, esta iniciar\u00e1 una vez culminada la especializaci\u00f3n y con el registro del t\u00edtulo de cuarto nivel.<\/p>\n<p>Este proceso se podr\u00e1 realizar en un plazo de 6 a\u00f1os y mediante dos v\u00edas: con relaci\u00f3n de dependencia en el sector p\u00fablico y privado, o sin relaci\u00f3n de dependencia a trav\u00e9s del ejercicio profesional en el pa\u00eds.<\/p>\n<p>El MSP genera entornos equitativos para quienes inician su especializaci\u00f3n, asegurando que el sistema sanitario disponga de profesionales de la salud mejor formados y respaldados.<\/p>\n","protected":false},"excerpt":{"rendered":"<p>Quito.- Este lunes 8 de septiembre de 2025, el Ministerio de Salud P\u00fablica (MSP) expidi\u00f3 el Acuerdo Ministerial que contempla las directrices para la implementaci\u00f3n de la nueva figura de m\u00e9dico y enfermero residente en los establecimientos de salud. Por primera vez en Ecuador, las residencias m\u00e9dicas en la Red P\u00fablica Integral de Salud (RPIS) [&hellip;]<\/p>\n","protected":false},"author":2,"featured_media":36478,"comment_status":"open","ping_status":"closed","sticky":false,"template":"","format":"standard","meta":{"_jetpack_memberships_contains_paid_content":false,"footnotes":""},"categories":[13],"tags":[148],"class_list":["post-36477","post","type-post","status-publish","format-standard","has-post-thumbnail","hentry","category-noticias-nacionales","tag-ministerio-de-salud-publica"],"jetpack_featured_media_url":"https:\/\/radiocresatelital.com\/wp-content\/uploads\/2025\/09\/WhatsApp-Image-2025-09-08-at-18.22.32.jpeg","jetpack_sharing_enabled":true,"_links":{"self":[{"href":"https:\/\/radiocresatelital.com\/index.php?rest_route=\/wp\/v2\/posts\/36477","targetHints":{"allow":["GET"]}}],"collection":[{"href":"https:\/\/radiocresatelital.com\/index.php?rest_route=\/wp\/v2\/posts"}],"about":[{"href":"https:\/\/radiocresatelital.com\/index.php?rest_route=\/wp\/v2\/types\/post"}],"author":[{"embeddable":true,"href":"https:\/\/radiocresatelital.com\/index.php?rest_route=\/wp\/v2\/users\/2"}],"replies":[{"embeddable":true,"href":"https:\/\/radiocresatelital.com\/index.php?rest_route=%2Fwp%2Fv2%2Fcomments&post=36477"}],"version-history":[{"count":1,"href":"https:\/\/radiocresatelital.com\/index.php?rest_route=\/wp\/v2\/posts\/36477\/revisions"}],"predecessor-version":[{"id":36479,"href":"https:\/\/radiocresatelital.com\/index.php?rest_route=\/wp\/v2\/posts\/36477\/revisions\/36479"}],"wp:featuredmedia":[{"embeddable":true,"href":"https:\/\/radiocresatelital.com\/index.php?rest_route=\/wp\/v2\/media\/36478"}],"wp:attachment":[{"href":"https:\/\/radiocresatelital.com\/index.php?rest_route=%2Fwp%2Fv2%2Fmedia&parent=36477"}],"wp:term":[{"taxonomy":"category","embeddable":true,"href":"https:\/\/radiocresatelital.com\/index.php?rest_route=%2Fwp%2Fv2%2Fcategories&post=36477"},{"taxonomy":"post_tag","embeddable":true,"href":"https:\/\/radiocresatelital.com\/index.php?rest_route=%2Fwp%2Fv2%2Ftags&post=36477"}],"curies":[{"name":"wp","href":"https:\/\/api.w.org\/{rel}","templated":true}]}}