{"id":36474,"date":"2025-09-09T02:21:47","date_gmt":"2025-09-09T02:21:47","guid":{"rendered":"https:\/\/radiocresatelital.com\/?p=36474"},"modified":"2025-09-09T02:21:47","modified_gmt":"2025-09-09T02:21:47","slug":"suministro-electrico-confirmado-para-todo-el-ano-2025-segun-gobierno-nacional","status":"publish","type":"post","link":"https:\/\/radiocresatelital.com\/?p=36474","title":{"rendered":"Suministro El\u00e9ctrico confirmado para todo el a\u00f1o 2025, seg\u00fan Gobierno Nacional"},"content":{"rendered":"<p>Quito.- Este lunes 8 de septiembre, la , inform\u00f3 que los embalses mantienen sus niveles \u00f3ptimos, a diferencia del 2024, cuando los cortes inici\u00f3 el 23 de septiembre y se prolongaron hasta diciembre, con racionamientos de hasta catorce horas, este a\u00f1o no se prev\u00e9 una sequ\u00eda severa.<\/p>\n<p>Jaramillo se\u00f1al\u00f3: \u201cA un a\u00f1o de los apagones, pese a las predicciones de cortes desde abril, seguimos con los embalses en los mejores niveles, lo que garantiza el suministro el\u00e9ctrico y permite una adecuada planificaci\u00f3n de los mantenimientos en las centrales termoel\u00e9ctricas\u201d.<\/p>\n<p>Seg\u00fan el Gobierno, se reafirma que no habr\u00e1 apagones durante el periodo de estiaje, el cual, seg\u00fan el Operador Nacional de Electricidad (Cenace), se extender\u00e1 desde este mes hasta marzo de 2026.<\/p>\n<p>En esta ma\u00f1ana, la Cota del Embalse Mazar del Complejo Hidroel\u00e9ctrico Paute Integral, alcanz\u00f3 los 2.153 metros sobre el nivel del mar, cota m\u00e1xima (m\u00ednimo 2.098 m s.n.m.). En comparaci\u00f3n, en la misma fecha de 2024 estaba en 2.132,37 metros, es decir, 20,63 metros menos.<\/p>\n<p>Adem\u00e1s, resalt\u00f3 la recuperaci\u00f3n total de las termoel\u00e9ctricas, algo no logrado en gobiernos anteriores con m\u00e1s de 400 MW recuperados, junto con la puesta en marcha de la Central Hidroel\u00e9ctrica Toachi Pilat\u00f3n, que aporta m\u00e1s de 200 MW. En total, la recuperaci\u00f3n supera los 500 a 600 MW este a\u00f1o, con planes de continuar en 2026.<\/p>\n<p>Hace dos semanas se firmaron t\u00edtulos habilitantes para proyectos privados en generaci\u00f3n el\u00e9ctrica, reafirmando el compromiso de inversi\u00f3n privada en el sector, sin embargo, Jaramillo explic\u00f3 que los informes de las verificadoras de Quevedo y Salitral no son p\u00fablicos porque est\u00e1n en manos de la Fiscal\u00eda General del Estado y tienen car\u00e1cter confidencial.<\/p>\n<p>El informe de Quevedo se entreg\u00f3 el 1 de septiembre y el de Salitral est\u00e1 previsto para esta semana, el 10 de septiembre.<\/p>\n<p>Reportera: Ver\u00f3nica Chal\u00e9n Rosas<br \/>\n<a href=\"mailto:vchalenr@unemi.edu.ec\">vchalenr@unemi.edu.ec<\/a><\/p>\n","protected":false},"excerpt":{"rendered":"<p>Quito.- Este lunes 8 de septiembre, la , inform\u00f3 que los embalses mantienen sus niveles \u00f3ptimos, a diferencia del 2024, cuando los cortes inici\u00f3 el 23 de septiembre y se prolongaron hasta diciembre, con racionamientos de hasta catorce horas, este a\u00f1o no se prev\u00e9 una sequ\u00eda severa. Jaramillo se\u00f1al\u00f3: \u201cA un a\u00f1o de los apagones, [&hellip;]<\/p>\n","protected":false},"author":2,"featured_media":36475,"comment_status":"open","ping_status":"closed","sticky":false,"template":"","format":"standard","meta":{"_jetpack_memberships_contains_paid_content":false,"footnotes":""},"categories":[13],"tags":[4849,5786],"class_list":["post-36474","post","type-post","status-publish","format-standard","has-post-thumbnail","hentry","category-noticias-nacionales","tag-carolina-jaramillo-garces","tag-portavoz-del-ejecutivo"],"jetpack_featured_media_url":"https:\/\/radiocresatelital.com\/wp-content\/uploads\/2025\/09\/WhatsApp-Image-2025-09-08-at-20.23.06.jpeg","jetpack_sharing_enabled":true,"_links":{"self":[{"href":"https:\/\/radiocresatelital.com\/index.php?rest_route=\/wp\/v2\/posts\/36474","targetHints":{"allow":["GET"]}}],"collection":[{"href":"https:\/\/radiocresatelital.com\/index.php?rest_route=\/wp\/v2\/posts"}],"about":[{"href":"https:\/\/radiocresatelital.com\/index.php?rest_route=\/wp\/v2\/types\/post"}],"author":[{"embeddable":true,"href":"https:\/\/radiocresatelital.com\/index.php?rest_route=\/wp\/v2\/users\/2"}],"replies":[{"embeddable":true,"href":"https:\/\/radiocresatelital.com\/index.php?rest_route=%2Fwp%2Fv2%2Fcomments&post=36474"}],"version-history":[{"count":1,"href":"https:\/\/radiocresatelital.com\/index.php?rest_route=\/wp\/v2\/posts\/36474\/revisions"}],"predecessor-version":[{"id":36476,"href":"https:\/\/radiocresatelital.com\/index.php?rest_route=\/wp\/v2\/posts\/36474\/revisions\/36476"}],"wp:featuredmedia":[{"embeddable":true,"href":"https:\/\/radiocresatelital.com\/index.php?rest_route=\/wp\/v2\/media\/36475"}],"wp:attachment":[{"href":"https:\/\/radiocresatelital.com\/index.php?rest_route=%2Fwp%2Fv2%2Fmedia&parent=36474"}],"wp:term":[{"taxonomy":"category","embeddable":true,"href":"https:\/\/radiocresatelital.com\/index.php?rest_route=%2Fwp%2Fv2%2Fcategories&post=36474"},{"taxonomy":"post_tag","embeddable":true,"href":"https:\/\/radiocresatelital.com\/index.php?rest_route=%2Fwp%2Fv2%2Ftags&post=36474"}],"curies":[{"name":"wp","href":"https:\/\/api.w.org\/{rel}","templated":true}]}}