{"id":36419,"date":"2025-09-08T20:17:15","date_gmt":"2025-09-08T20:17:15","guid":{"rendered":"https:\/\/radiocresatelital.com\/?p=36419"},"modified":"2025-09-08T20:17:15","modified_gmt":"2025-09-08T20:17:15","slug":"menos-tramites-administrativos-mas-ensenanza-la-estrategia-tiempo-para-ser-docente-beneficia-a-130-mil-docentes-del-pais","status":"publish","type":"post","link":"https:\/\/radiocresatelital.com\/?p=36419","title":{"rendered":"Menos tr\u00e1mites administrativos, m\u00e1s ense\u00f1anza: la Estrategia \u201cTiempo para Ser Docente\u201d, beneficia a 130 mil docentes del pa\u00eds"},"content":{"rendered":"<div class=\"row\">\n<section id=\"postcontent\" class=\"col-md-9 col-sm-6 line-right\">Quito.-\u00a0Con la presencia de docentes y autoridades educativas de todo el pa\u00eds, el Ministerio de Educaci\u00f3n, Deporte y Cultura present\u00f3 oficialmente la Estrategia\u00a0<strong>\u201cTiempo para Ser Docente\u201d<\/strong>, una iniciativa que busca optimizar el tiempo que los maestros destinan a actividades administrativas, reduciendo la sobrecarga laboral y garantizando el cumplimiento de la normativa vigente.<\/p>\n<p>Esta estrategia beneficiar\u00e1 de manera directa a\u00a0<strong>130.570 docentes de instituciones educativas fiscales de educaci\u00f3n ordinaria, jurisdicci\u00f3n intercultural y tipolog\u00eda pluridocente mayor y menor.<\/strong>\u00a0De forma indirecta, tambi\u00e9n impactar\u00e1 positivamente en la comunidad educativa.<\/p>\n<p>Actualmente, los docentes emplean\u00a0<strong>27 horas con 47 minutos semanales<\/strong>\u00a0en actividades adicionales a la ense\u00f1anza. Con la aplicaci\u00f3n progresiva de la Estrategia, este tiempo se reducir\u00e1 a\u00a0<strong>21 horas con 15 minutos<\/strong>, lo que representa una disminuci\u00f3n de cerca de 7 horas. Esto permitir\u00e1 que los maestros dediquen m\u00e1s tiempo a su labor pedag\u00f3gica esencial.<\/p>\n<p>La Estrategia contempla\u00a0<strong>16 acciones espec\u00edficas organizadas en 4 \u00e1reas prioritarias<\/strong>, que se implementar\u00e1n de forma gradual en un periodo aproximado de siete meses. Estas medidas permitir\u00e1n que los docentes centren sus esfuerzos en el proceso de ense\u00f1anza-aprendizaje, adem\u00e1s de fortalecer su participaci\u00f3n en espacios de formaci\u00f3n profesional e investigaci\u00f3n, elevando as\u00ed la calidad educativa en el Ecuador.<\/p>\n<p>Durante el acto de lanzamiento, la ministra de Educaci\u00f3n, Deporte y Cultura,\u00a0<strong>Alegr\u00eda Crespo<\/strong>, destac\u00f3: \u201cEstamos reduciendo la carga administrativa para que los docentes dediquen sus 40 horas semanales a lo que realmente importa. 40 horas justas, 40 horas dignas: un docente con tiempo dignificado es un estudiante con m\u00e1s oportunidades de aprender\u201d.<\/p>\n<p>El dise\u00f1o de esta Estrategia se construy\u00f3 de manera participativa, mediante un di\u00e1logo horizontal y democr\u00e1tico con los actores del sistema educativo. Adem\u00e1s, se incorporaron experiencias internacionales exitosas de otros ministerios de Educaci\u00f3n que han logrado disminuir la sobrecarga docente, lo cual sirvi\u00f3 como referente clave para la toma de decisiones.<\/p>\n<p>El evento cont\u00f3 tambi\u00e9n con la participaci\u00f3n de\u00a0<strong>Claudia Cadena<\/strong>, representante de VVOB en Ecuador, quien ofreci\u00f3 una conferencia sobre la revalorizaci\u00f3n de la labor docente, resaltando la importancia de fortalecer el papel transformador de los educadores en la sociedad.<\/p>\n<p>Con este lanzamiento, el Gobierno Nacional a trav\u00e9s del Ministerio de Educaci\u00f3n, Deporte reafirma su compromiso con la\u00a0<strong>valorizaci\u00f3n de la profesi\u00f3n docente<\/strong>\u00a0y con una\u00a0<strong>educaci\u00f3n de calidad, inclusiva y equitativa<\/strong>, que pone al aprendizaje de los estudiantes en el centro de las pol\u00edticas educativas.<\/p>\n<\/section>\n<\/div>\n","protected":false},"excerpt":{"rendered":"<p>Quito.-\u00a0Con la presencia de docentes y autoridades educativas de todo el pa\u00eds, el Ministerio de Educaci\u00f3n, Deporte y Cultura present\u00f3 oficialmente la Estrategia\u00a0\u201cTiempo para Ser Docente\u201d, una iniciativa que busca optimizar el tiempo que los maestros destinan a actividades administrativas, reduciendo la sobrecarga laboral y garantizando el cumplimiento de la normativa vigente. Esta estrategia beneficiar\u00e1 [&hellip;]<\/p>\n","protected":false},"author":2,"featured_media":36420,"comment_status":"open","ping_status":"closed","sticky":false,"template":"","format":"standard","meta":{"_jetpack_memberships_contains_paid_content":false,"footnotes":""},"categories":[13],"tags":[5779],"class_list":["post-36419","post","type-post","status-publish","format-standard","has-post-thumbnail","hentry","category-noticias-nacionales","tag-tiempo-para-ser-docente"],"jetpack_featured_media_url":"https:\/\/radiocresatelital.com\/wp-content\/uploads\/2025\/09\/docente-en-clases.png","jetpack_sharing_enabled":true,"_links":{"self":[{"href":"https:\/\/radiocresatelital.com\/index.php?rest_route=\/wp\/v2\/posts\/36419","targetHints":{"allow":["GET"]}}],"collection":[{"href":"https:\/\/radiocresatelital.com\/index.php?rest_route=\/wp\/v2\/posts"}],"about":[{"href":"https:\/\/radiocresatelital.com\/index.php?rest_route=\/wp\/v2\/types\/post"}],"author":[{"embeddable":true,"href":"https:\/\/radiocresatelital.com\/index.php?rest_route=\/wp\/v2\/users\/2"}],"replies":[{"embeddable":true,"href":"https:\/\/radiocresatelital.com\/index.php?rest_route=%2Fwp%2Fv2%2Fcomments&post=36419"}],"version-history":[{"count":1,"href":"https:\/\/radiocresatelital.com\/index.php?rest_route=\/wp\/v2\/posts\/36419\/revisions"}],"predecessor-version":[{"id":36421,"href":"https:\/\/radiocresatelital.com\/index.php?rest_route=\/wp\/v2\/posts\/36419\/revisions\/36421"}],"wp:featuredmedia":[{"embeddable":true,"href":"https:\/\/radiocresatelital.com\/index.php?rest_route=\/wp\/v2\/media\/36420"}],"wp:attachment":[{"href":"https:\/\/radiocresatelital.com\/index.php?rest_route=%2Fwp%2Fv2%2Fmedia&parent=36419"}],"wp:term":[{"taxonomy":"category","embeddable":true,"href":"https:\/\/radiocresatelital.com\/index.php?rest_route=%2Fwp%2Fv2%2Fcategories&post=36419"},{"taxonomy":"post_tag","embeddable":true,"href":"https:\/\/radiocresatelital.com\/index.php?rest_route=%2Fwp%2Fv2%2Ftags&post=36419"}],"curies":[{"name":"wp","href":"https:\/\/api.w.org\/{rel}","templated":true}]}}