{"id":36416,"date":"2025-09-08T20:12:07","date_gmt":"2025-09-08T20:12:07","guid":{"rendered":"https:\/\/radiocresatelital.com\/?p=36416"},"modified":"2025-09-08T20:12:17","modified_gmt":"2025-09-08T20:12:17","slug":"mantenimiento-de-pista-del-aeropuerto-de-guayaquil-refuerza-seguridad-y-competitividad-aerea","status":"publish","type":"post","link":"https:\/\/radiocresatelital.com\/?p=36416","title":{"rendered":"Mantenimiento de pista del aeropuerto de Guayaquil refuerza seguridad y competitividad a\u00e9rea"},"content":{"rendered":"<p>Guayaquil.- La pista del Aeropuerto Internacional Jos\u00e9 Joaqu\u00edn de Olmedo entra en una fase de mantenimiento preventivo para garantizar que las operaciones a\u00e9reas de la ciudad se mantengan bajo est\u00e1ndares internacionales de seguridad y competitividad. El plan, ejecutado por la concesionaria TAGSA con autorizaci\u00f3n de la Direcci\u00f3n General de Aviaci\u00f3n Civil, es supervisado directamente por la Autoridad Aeroportuaria de Guayaquil (AAG).<\/p>\n<p>Los trabajos contemplan dos cierres programados: del martes 16 de septiembre a las 09h00 hasta el jueves 18 a las 12h00, y del martes 23 de septiembre a las 09h00 hasta el jueves 25 a las 12h00. La planificaci\u00f3n fue notificada con anticipaci\u00f3n por la concesionaria y las autoridades aeron\u00e1uticas a trav\u00e9s de un NOTAM (aviso a los aviadores) y los canales oficiales, lo que permite a aerol\u00edneas y pasajeros organizar sus itinerarios con normalidad.<\/p>\n<p>La repavimentaci\u00f3n responde a un plan integral de conservaci\u00f3n que refuerza la seguridad operacional y mantiene al aeropuerto como una de las principales puertas de entrada y salida del pa\u00eds.<\/p>\n<p>Como parte de este proceso, la AAG verifica que cada fase de los trabajos cumpla con los est\u00e1ndares ambientales y t\u00e9cnicos. Entre las medidas contempladas por la concesionaria est\u00e1 la gesti\u00f3n responsable de residuos, desde su identificaci\u00f3n hasta su disposici\u00f3n final, y la operaci\u00f3n de una planta de asfalto que ya est\u00e1 ubicada dentro del predio aeroportuario.<\/p>\n<p>TAGSA tambi\u00e9n debe realizar un monitoreo permanente de la calidad del aire y de los niveles de ruido, a trav\u00e9s de laboratorios acreditados que aseguren resultados confiables y trazables. Este seguimiento riguroso permitir\u00e1 no solo detectar y corregir oportunamente cualquier desviaci\u00f3n, sino tambi\u00e9n fortalecer la transparencia, la rendici\u00f3n de cuentas y la confianza de la comunidad en la gesti\u00f3n ambiental del proyecto.<\/p>\n<p>El Municipio de Guayaquil reafirma as\u00ed su compromiso con la conectividad a\u00e9rea de la ciudad, acompa\u00f1ando de cerca las inversiones que fortalecen la infraestructura aeroportuaria y consolidan a la ciudad como un hub de turismo y comercio en la regi\u00f3n.<\/p>\n","protected":false},"excerpt":{"rendered":"<p>Guayaquil.- La pista del Aeropuerto Internacional Jos\u00e9 Joaqu\u00edn de Olmedo entra en una fase de mantenimiento preventivo para garantizar que las operaciones a\u00e9reas de la ciudad se mantengan bajo est\u00e1ndares internacionales de seguridad y competitividad. El plan, ejecutado por la concesionaria TAGSA con autorizaci\u00f3n de la Direcci\u00f3n General de Aviaci\u00f3n Civil, es supervisado directamente por [&hellip;]<\/p>\n","protected":false},"author":2,"featured_media":36417,"comment_status":"open","ping_status":"closed","sticky":false,"template":"","format":"standard","meta":{"_jetpack_memberships_contains_paid_content":false,"footnotes":""},"categories":[33,13],"tags":[4437,5778,5777],"class_list":["post-36416","post","type-post","status-publish","format-standard","has-post-thumbnail","hentry","category-guayaquil","category-noticias-nacionales","tag-aeropuerto-internacional-jose-joaquin-de-olmedo","tag-direccion-general-de-aviacion-civil","tag-tagsa"],"jetpack_featured_media_url":"https:\/\/radiocresatelital.com\/wp-content\/uploads\/2025\/09\/DSC00314-scaled.jpg","jetpack_sharing_enabled":true,"_links":{"self":[{"href":"https:\/\/radiocresatelital.com\/index.php?rest_route=\/wp\/v2\/posts\/36416","targetHints":{"allow":["GET"]}}],"collection":[{"href":"https:\/\/radiocresatelital.com\/index.php?rest_route=\/wp\/v2\/posts"}],"about":[{"href":"https:\/\/radiocresatelital.com\/index.php?rest_route=\/wp\/v2\/types\/post"}],"author":[{"embeddable":true,"href":"https:\/\/radiocresatelital.com\/index.php?rest_route=\/wp\/v2\/users\/2"}],"replies":[{"embeddable":true,"href":"https:\/\/radiocresatelital.com\/index.php?rest_route=%2Fwp%2Fv2%2Fcomments&post=36416"}],"version-history":[{"count":1,"href":"https:\/\/radiocresatelital.com\/index.php?rest_route=\/wp\/v2\/posts\/36416\/revisions"}],"predecessor-version":[{"id":36418,"href":"https:\/\/radiocresatelital.com\/index.php?rest_route=\/wp\/v2\/posts\/36416\/revisions\/36418"}],"wp:featuredmedia":[{"embeddable":true,"href":"https:\/\/radiocresatelital.com\/index.php?rest_route=\/wp\/v2\/media\/36417"}],"wp:attachment":[{"href":"https:\/\/radiocresatelital.com\/index.php?rest_route=%2Fwp%2Fv2%2Fmedia&parent=36416"}],"wp:term":[{"taxonomy":"category","embeddable":true,"href":"https:\/\/radiocresatelital.com\/index.php?rest_route=%2Fwp%2Fv2%2Fcategories&post=36416"},{"taxonomy":"post_tag","embeddable":true,"href":"https:\/\/radiocresatelital.com\/index.php?rest_route=%2Fwp%2Fv2%2Ftags&post=36416"}],"curies":[{"name":"wp","href":"https:\/\/api.w.org\/{rel}","templated":true}]}}