{"id":36366,"date":"2025-09-08T17:45:24","date_gmt":"2025-09-08T17:45:24","guid":{"rendered":"https:\/\/radiocresatelital.com\/?p=36366"},"modified":"2025-09-08T17:46:34","modified_gmt":"2025-09-08T17:46:34","slug":"asi-quedaron-dos-buses-interprovinciales-tras-accidente-de-transito-en-la-via-babahoyo-jujan","status":"publish","type":"post","link":"https:\/\/radiocresatelital.com\/?p=36366","title":{"rendered":"As\u00ed quedaron dos buses interprovinciales tras accidente de tr\u00e1nsito en la v\u00eda Babahoyo-Jujan"},"content":{"rendered":"<p>Babahoyo.- En la madrugada del 8 de septiembre de 2025, un accidente de tr\u00e1nsito entre dos buses interprovinciales dej\u00f3 un saldo de una persona fallecida y dos heridas en la provincia de Los R\u00edos, seg\u00fan inform\u00f3 el ECU 911. El choque ocurri\u00f3 en el sector La Gabela, sobre la red estatal E-25, cuando los buses de la cooperativa Ventanas y la empresa FBI transitaban por la v\u00eda Babahoyo-Jujan.<\/p>\n<p>El primer reporte de emergencia fue recibido a las 06:05, y de inmediato se movilizaron unidades de respuesta del Ministerio de Salud P\u00fablica, la Coordinaci\u00f3n Zonal 5, el Cuerpo de Bomberos de Babahoyo y personal de la Comisi\u00f3n de Tr\u00e1nsito del Ecuador (CTE). Los heridos recibieron atenci\u00f3n prehospitalaria en el lugar y luego fueron trasladados a hospitales cercanos.<\/p>\n<p>Videos difundidos en redes sociales muestran la parte frontal del bus de FBI completamente destruida por el impacto. Adem\u00e1s, se inform\u00f3 que uno de los veh\u00edculos qued\u00f3 ubicado muy cerca de una infraestructura en la zona, evidenciando la fuerza del choque.<\/p>\n<p>La CTE confirm\u00f3 al ECU 911 que, adem\u00e1s de la v\u00edctima mortal, otras dos personas resultaron lesionadas. Este accidente se suma a la constante preocupaci\u00f3n por los incidentes de tr\u00e1nsito que involucran buses interprovinciales en Ecuador.<\/p>\n<div style=\"width: 640px;\" class=\"wp-video\"><video class=\"wp-video-shortcode\" id=\"video-36366-1\" width=\"640\" height=\"362\" preload=\"metadata\" controls=\"controls\"><source type=\"video\/mp4\" src=\"https:\/\/radiocresatelital.com\/wp-content\/uploads\/2025\/09\/Video-de-WhatsApp-2025-08-30-a-las-09.10.00_966c6bc1-5.mp4?_=1\" \/><a href=\"https:\/\/radiocresatelital.com\/wp-content\/uploads\/2025\/09\/Video-de-WhatsApp-2025-08-30-a-las-09.10.00_966c6bc1-5.mp4\">https:\/\/radiocresatelital.com\/wp-content\/uploads\/2025\/09\/Video-de-WhatsApp-2025-08-30-a-las-09.10.00_966c6bc1-5.mp4<\/a><\/video><\/div>\n<p>Colaboraci\u00f3n: Xavier Vel\u00e1squez <\/p>\n","protected":false},"excerpt":{"rendered":"<p>Babahoyo.- En la madrugada del 8 de septiembre de 2025, un accidente de tr\u00e1nsito entre dos buses interprovinciales dej\u00f3 un saldo de una persona fallecida y dos heridas en la provincia de Los R\u00edos, seg\u00fan inform\u00f3 el ECU 911. El choque ocurri\u00f3 en el sector La Gabela, sobre la red estatal E-25, cuando los buses [&hellip;]<\/p>\n","protected":false},"author":3,"featured_media":36367,"comment_status":"open","ping_status":"closed","sticky":false,"template":"","format":"standard","meta":{"footnotes":""},"categories":[13],"tags":[5770],"class_list":["post-36366","post","type-post","status-publish","format-standard","has-post-thumbnail","hentry","category-noticias-nacionales","tag-accidentedetransito-babahoyo-losrios-busesinterprovinciales-choque-emergenciaecuador-cte-ministeriosalud-seguridadvial-sucesosecuador"],"_links":{"self":[{"href":"https:\/\/radiocresatelital.com\/index.php?rest_route=\/wp\/v2\/posts\/36366","targetHints":{"allow":["GET"]}}],"collection":[{"href":"https:\/\/radiocresatelital.com\/index.php?rest_route=\/wp\/v2\/posts"}],"about":[{"href":"https:\/\/radiocresatelital.com\/index.php?rest_route=\/wp\/v2\/types\/post"}],"author":[{"embeddable":true,"href":"https:\/\/radiocresatelital.com\/index.php?rest_route=\/wp\/v2\/users\/3"}],"replies":[{"embeddable":true,"href":"https:\/\/radiocresatelital.com\/index.php?rest_route=%2Fwp%2Fv2%2Fcomments&post=36366"}],"version-history":[{"count":2,"href":"https:\/\/radiocresatelital.com\/index.php?rest_route=\/wp\/v2\/posts\/36366\/revisions"}],"predecessor-version":[{"id":36370,"href":"https:\/\/radiocresatelital.com\/index.php?rest_route=\/wp\/v2\/posts\/36366\/revisions\/36370"}],"wp:featuredmedia":[{"embeddable":true,"href":"https:\/\/radiocresatelital.com\/index.php?rest_route=\/wp\/v2\/media\/36367"}],"wp:attachment":[{"href":"https:\/\/radiocresatelital.com\/index.php?rest_route=%2Fwp%2Fv2%2Fmedia&parent=36366"}],"wp:term":[{"taxonomy":"category","embeddable":true,"href":"https:\/\/radiocresatelital.com\/index.php?rest_route=%2Fwp%2Fv2%2Fcategories&post=36366"},{"taxonomy":"post_tag","embeddable":true,"href":"https:\/\/radiocresatelital.com\/index.php?rest_route=%2Fwp%2Fv2%2Ftags&post=36366"}],"curies":[{"name":"wp","href":"https:\/\/api.w.org\/{rel}","templated":true}]}}