{"id":36304,"date":"2025-09-07T19:36:56","date_gmt":"2025-09-07T19:36:56","guid":{"rendered":"https:\/\/radiocresatelital.com\/?p=36304"},"modified":"2025-09-07T19:37:05","modified_gmt":"2025-09-07T19:37:05","slug":"la-seleccion-del-ecuador-se-une-a-la-fundacion-ana-para-decir-ecuador-libre-de-violencia-de-genero","status":"publish","type":"post","link":"https:\/\/radiocresatelital.com\/?p=36304","title":{"rendered":"La Selecci\u00f3n del Ecuador se une a la Fundaci\u00f3n ANA para decir: \u00a1Ecuador libre de violencia de g\u00e9nero!"},"content":{"rendered":"<p>Guayaquil.- Con la convicci\u00f3n de que el deporte puede transformar sociedades, los jugadores de la Selecci\u00f3n Ecuatoriana de F\u00fatbol fueron nombrados embajadores de la Fundaci\u00f3n ANA, sum\u00e1ndose a una causa que busca erradicar la violencia de g\u00e9nero y construir un pa\u00eds m\u00e1s justo, seguro y libre para todos.<\/p>\n<p>Los seleccionados se comprometen a multiplicar un mensaje claro y contundente: \u201cPor un Ecuador libre de violencia de g\u00e9nero\u201d, recordando que el respeto, la equidad y la uni\u00f3n son valores que trascienden las canchas y marcan el verdadero triunfo de una naci\u00f3n.<\/p>\n<p>\u201cEl ejemplo de nuestros jugadores inspira a miles de j\u00f3venes en todo el pa\u00eds. Al convertirlos en embajadores de la Fundaci\u00f3n ANA queremos multiplicar ese impacto y sembrar en las nuevas generaciones un mensaje de esperanza, igualdad y cambio social\u201d, se\u00f1al\u00f3 Lavinia Valbonesi de Noboa, fundadora de la Fundaci\u00f3n ANA.<\/p>\n<p>La Fundaci\u00f3n ANA y la Selecci\u00f3n Ecuatoriana caminar\u00e1n juntos en esta campa\u00f1a para demostrar que el f\u00fatbol puede ser una herramienta poderosa de transformaci\u00f3n cultural. Desde cada partido, entrenamiento y aparici\u00f3n p\u00fablica, los jugadores llevar\u00e1n consigo un compromiso que va m\u00e1s all\u00e1 del deporte: ser voceros de un Ecuador donde mujeres, ni\u00f1as y ni\u00f1os vivan libres de violencia.<\/p>\n<p>Este trabajo conjunto marca un hito en la lucha contra la violencia de g\u00e9nero en el pa\u00eds, y reafirma que la uni\u00f3n de la sociedad civil, la juventud y los \u00eddolos deportivos puede abrir camino hacia un futuro de paz y respeto.<\/p>\n","protected":false},"excerpt":{"rendered":"<p>Guayaquil.- Con la convicci\u00f3n de que el deporte puede transformar sociedades, los jugadores de la Selecci\u00f3n Ecuatoriana de F\u00fatbol fueron nombrados embajadores de la Fundaci\u00f3n ANA, sum\u00e1ndose a una causa que busca erradicar la violencia de g\u00e9nero y construir un pa\u00eds m\u00e1s justo, seguro y libre para todos. Los seleccionados se comprometen a multiplicar un [&hellip;]<\/p>\n","protected":false},"author":2,"featured_media":36305,"comment_status":"open","ping_status":"closed","sticky":false,"template":"","format":"standard","meta":{"_jetpack_memberships_contains_paid_content":false,"footnotes":""},"categories":[9,13],"tags":[4713,5759],"class_list":["post-36304","post","type-post","status-publish","format-standard","has-post-thumbnail","hentry","category-deportes","category-noticias-nacionales","tag-fundacion-ana","tag-seleccion-ecuatoriana-de-futbol"],"jetpack_featured_media_url":"https:\/\/radiocresatelital.com\/wp-content\/uploads\/2025\/09\/WhatsApp-Image-2025-09-07-at-11.34.50-scaled.jpeg","jetpack_sharing_enabled":true,"_links":{"self":[{"href":"https:\/\/radiocresatelital.com\/index.php?rest_route=\/wp\/v2\/posts\/36304","targetHints":{"allow":["GET"]}}],"collection":[{"href":"https:\/\/radiocresatelital.com\/index.php?rest_route=\/wp\/v2\/posts"}],"about":[{"href":"https:\/\/radiocresatelital.com\/index.php?rest_route=\/wp\/v2\/types\/post"}],"author":[{"embeddable":true,"href":"https:\/\/radiocresatelital.com\/index.php?rest_route=\/wp\/v2\/users\/2"}],"replies":[{"embeddable":true,"href":"https:\/\/radiocresatelital.com\/index.php?rest_route=%2Fwp%2Fv2%2Fcomments&post=36304"}],"version-history":[{"count":1,"href":"https:\/\/radiocresatelital.com\/index.php?rest_route=\/wp\/v2\/posts\/36304\/revisions"}],"predecessor-version":[{"id":36306,"href":"https:\/\/radiocresatelital.com\/index.php?rest_route=\/wp\/v2\/posts\/36304\/revisions\/36306"}],"wp:featuredmedia":[{"embeddable":true,"href":"https:\/\/radiocresatelital.com\/index.php?rest_route=\/wp\/v2\/media\/36305"}],"wp:attachment":[{"href":"https:\/\/radiocresatelital.com\/index.php?rest_route=%2Fwp%2Fv2%2Fmedia&parent=36304"}],"wp:term":[{"taxonomy":"category","embeddable":true,"href":"https:\/\/radiocresatelital.com\/index.php?rest_route=%2Fwp%2Fv2%2Fcategories&post=36304"},{"taxonomy":"post_tag","embeddable":true,"href":"https:\/\/radiocresatelital.com\/index.php?rest_route=%2Fwp%2Fv2%2Ftags&post=36304"}],"curies":[{"name":"wp","href":"https:\/\/api.w.org\/{rel}","templated":true}]}}