{"id":3626,"date":"2023-09-04T21:36:10","date_gmt":"2023-09-04T21:36:10","guid":{"rendered":"https:\/\/radiocresatelital.com\/?p=3626"},"modified":"2023-09-04T21:36:10","modified_gmt":"2023-09-04T21:36:10","slug":"estar-aqui-me-hace-un-hombre-feliz-vuelvo-a-un-ambiente-que-creo-conocer-bastante-bien-gianluigi-buffon","status":"publish","type":"post","link":"https:\/\/radiocresatelital.com\/?p=3626","title":{"rendered":"Estar aqu\u00ed me hace un hombre feliz, vuelvo a un ambiente que creo conocer bastante bien, Gianluigi Buffon"},"content":{"rendered":"<p>Roma.- Gianluigi Buffon exarquero de la Selecci\u00f3n Italianna de F\u00fatbol y que fue Campe\u00f3n con la azzura en Alemania 2006, expres\u00f3 su felicidad tras ser presentado como nuevo responsable de la delegaci\u00f3n \u00abazzurra\u00bb.<\/p>\n<p>\u00abEstar aqu\u00ed me hace un hombre feliz, vuelvo a un ambiente que creo conocer bastante bien. Deber\u00e9 aportar tambi\u00e9n yo un peque\u00f1o ladrillo en todas las din\u00e1micas que viviremos\u00bb, afirm\u00f3 Buffon en la rueda de prensa de su presentaci\u00f3n formal.<\/p>\n<p>El ex guardameta de 45 a\u00f1os, que en agosto pasado se retir\u00f3 del f\u00fatbol profesional tras una temporada en la Serie B con Parma, asumi\u00f3 en reemplazo de Gianluca Vialli, fallecido el 6 de enero tras combatir con un c\u00e1ncer de p\u00e1ncreas.<\/p>\n<p>\u00abCon Vialli ten\u00eda una relaci\u00f3n extraordinaria. Tener la presunci\u00f3n de poder estar de inmediato a la par suya ser\u00eda un error, siempre intentar\u00e9 ser yo mismo\u00bb, prometi\u00f3 Buffon, due\u00f1o del r\u00e9cord de 176 partidos con la \u00abazzurra\u00bb tras haber sido convocado 214 veces.<\/p>\n<p>\u00abNo fue dif\u00edcil retirarme por la edad, como me lesion\u00e9 me di cuenta de que era el momento de cerrar mi carrera. Lo decid\u00ed en el vestuario en Cagliari\u00bb, explic\u00f3 sobre el final de su exitosa campa\u00f1a profesional.<\/p>\n<p>El \u00faltimo partido oficial de Buffon con Italia fue el amistoso de marzo de 2018 que la \u00abazzurra\u00bb perdi\u00f3 por 2-0 contra Argentina en el Etihad Stadium de Manchester, Inglaterra: \u00abMe pidieron que jugara un partido de despedida, pero s\u00f3lo quiero hacer las cosas que me gustan y ahora quiero dar mi aporte. Nac\u00ed y crec\u00ed con el mito de Paolo Rossi y &#8216;Gigi&#8217; Riva, de los campeones del mundo de Espa\u00f1a 82 y las historias de mi padre\u00bb, relat\u00f3 Buffon.<\/p>\n<p>\u00abCuando vi por primera vez a Riva fue como ver un monumento. Por eso intentar\u00e9 ayudar a los j\u00f3venes tambi\u00e9n a trav\u00e9s de la historia\u00bb, garantiz\u00f3 el ex arquero de Juventus y Par\u00eds Saint-Germain, quien reconoci\u00f3 que \u00abes un tormento no haber jugado mi sexto Mundial\u00bb, oportunidad que perdi\u00f3 cuando Italia no pudo clasificarse a Rusia 2018.<\/p>\n<p>\u00abPero la vida supo retribuirme. Me gustar\u00eda una selecci\u00f3n italiana generosa y capaz de volver a emocionar\u00bb, subray\u00f3 Buffon sobre la \u00abazzurra\u00bb que tampoco disput\u00f3 el Mundial de Qatar 2022 tras ganar la Eurocopa 2020 al mando de Roberto Mancini.<\/p>\n<p>Buffon se sum\u00f3 al organigrama de la \u00abazzurra\u00bb ocho d\u00edas antes de que Mancini anunciara su renuncia como DT, cargo en el que fue reemplazado por Luciano Spalletti, campe\u00f3n de la Serie A 2022-23 con Napoli.<\/p>\n<p>\u00abEn estos d\u00edas estuve con el presidente (Gabriele) Gravina y con Spalletti, escuch\u00e9 hablar de conceptos, valores, emociones que son imprescindibles si quieres llegar a un objetivo\u00bb, remarc\u00f3 Buffon.<\/p>\n<p>\u00abCreo que Italia encontr\u00f3 al hombre apropiado en el momento oportuno\u00bb, elogi\u00f3 el flamante responsable de la delegaci\u00f3n \u00abazzurra\u00bb desde el centro deportivo de Coverciano tras ser presentado por el presidente de la Federaci\u00f3n Italiana de F\u00fatbol (FIGC), Gabriele Gravina.<\/p>\n<p>\u00abMancini tom\u00f3 una decisi\u00f3n inesperada, pero la FIGC se movi\u00f3 r\u00e1pido y, sobre todo, bien\u00bb, celebr\u00f3 Buffon la elecci\u00f3n de Spalletti como nuevo DT de la \u00abazzurra\u00bb, que busca clasificarse a la Eurocopa de Alemania 2024.<\/p>\n<p>\u00abDespu\u00e9s de un verano (boreal) turbulento, pero no por culpa nuestra, me da orgullo dejar la selecci\u00f3n en las manos firmes de Spalletti y Buffon\u00bb, resalt\u00f3 Gravina durante la conferencia de prensa de presentaci\u00f3n.<\/p>\n<p>\u00abCada uno de nosotros debe dar el m\u00e1ximo para honrar esta camiseta, creo que con estas decisiones hice mi parte como presidente de la FIGC. Al presentar a Spalletti el s\u00e1bado habl\u00e9 de un nuevo cap\u00edtulo en la historia azzurra, hoy es otra hermosa jornada, finalmente vuelve a casa uno de los mayores monumentos de nuestra historia, emblema de ese sentido de pertenencia e identidad de los que habl\u00e9\u00bb, ponder\u00f3 Gravina.<\/p>\n<p>\u00abCuando parec\u00eda que se retiraba, lo contact\u00e9 pero sigui\u00f3 jugando, cuando anunci\u00f3 oficialmente el adi\u00f3n, volvimos a la carga. Los primeros nombres que &#8216;Gigi&#8217; cit\u00f3 fueron los de Vialli y (Luigi) Riva. Estoy convencido de que despu\u00e9s de haber entrado como futbolista, podr\u00e1 ingresar al olimpo azzurro tambi\u00e9n como dirigente\u00bb, confi\u00f3 el titular de la FIGC sobre Buffon.<\/p>\n<p>Consultado sobre una compraci\u00f3n con Dino Zoff, arquero de la \u00abazzurra\u00bb que gan\u00f3 el Mundial de Espa\u00f1a 82, respondi\u00f3: \u00absoy el \u00faltimo en tener que esponder esto, soy un hombre del deporte, Dino es un punto de referencia de la historia italiana\u00bb, recalc\u00f3.<\/p>\n<p>\u00abFui feliz y tuve suerte de lo que hice. Ahora no quiero pensar m\u00e1s en el pasado, quiero pensar en el futuro\u00bb, enfatiz\u00f3 Buffon, quien revel\u00f3 que habl\u00f3 con el zaguero y capit\u00e1n Leonardo Bonucci, quien pas\u00f3 de Juventus a Uni\u00f3n Berl\u00edn.<\/p>\n<p>\u00abHablamos pero o s\u00e9 si Leo se retir\u00f3 de la selecci\u00f3n, debe aprender la lecci\u00f3n de profesionalidad y persistencia, ahora sigue otros objetivos en Alemania\u00bb, opin\u00f3 sobre Bonucci, que pas\u00f3 al Uni\u00f3n Berl\u00edn tras ser excluido por el DT de Juventus, Massimiliano Allegri.<\/p>\n","protected":false},"excerpt":{"rendered":"<p>Roma.- Gianluigi Buffon exarquero de la Selecci\u00f3n Italianna de F\u00fatbol y que fue Campe\u00f3n con la azzura en Alemania 2006, expres\u00f3 su felicidad tras ser presentado como nuevo responsable de la delegaci\u00f3n \u00abazzurra\u00bb. \u00abEstar aqu\u00ed me hace un hombre feliz, vuelvo a un ambiente que creo conocer bastante bien. Deber\u00e9 aportar tambi\u00e9n yo un peque\u00f1o [&hellip;]<\/p>\n","protected":false},"author":2,"featured_media":3627,"comment_status":"open","ping_status":"closed","sticky":false,"template":"","format":"standard","meta":{"_jetpack_memberships_contains_paid_content":false,"footnotes":""},"categories":[7],"tags":[410],"class_list":["post-3626","post","type-post","status-publish","format-standard","has-post-thumbnail","hentry","category-futbol-internacional","tag-gianluigi-buffon"],"jetpack_featured_media_url":"https:\/\/radiocresatelital.com\/wp-content\/uploads\/2023\/09\/2d3a850374bc0dd88d583bc469d2bd67.jpg","jetpack_sharing_enabled":true,"_links":{"self":[{"href":"https:\/\/radiocresatelital.com\/index.php?rest_route=\/wp\/v2\/posts\/3626","targetHints":{"allow":["GET"]}}],"collection":[{"href":"https:\/\/radiocresatelital.com\/index.php?rest_route=\/wp\/v2\/posts"}],"about":[{"href":"https:\/\/radiocresatelital.com\/index.php?rest_route=\/wp\/v2\/types\/post"}],"author":[{"embeddable":true,"href":"https:\/\/radiocresatelital.com\/index.php?rest_route=\/wp\/v2\/users\/2"}],"replies":[{"embeddable":true,"href":"https:\/\/radiocresatelital.com\/index.php?rest_route=%2Fwp%2Fv2%2Fcomments&post=3626"}],"version-history":[{"count":1,"href":"https:\/\/radiocresatelital.com\/index.php?rest_route=\/wp\/v2\/posts\/3626\/revisions"}],"predecessor-version":[{"id":3628,"href":"https:\/\/radiocresatelital.com\/index.php?rest_route=\/wp\/v2\/posts\/3626\/revisions\/3628"}],"wp:featuredmedia":[{"embeddable":true,"href":"https:\/\/radiocresatelital.com\/index.php?rest_route=\/wp\/v2\/media\/3627"}],"wp:attachment":[{"href":"https:\/\/radiocresatelital.com\/index.php?rest_route=%2Fwp%2Fv2%2Fmedia&parent=3626"}],"wp:term":[{"taxonomy":"category","embeddable":true,"href":"https:\/\/radiocresatelital.com\/index.php?rest_route=%2Fwp%2Fv2%2Fcategories&post=3626"},{"taxonomy":"post_tag","embeddable":true,"href":"https:\/\/radiocresatelital.com\/index.php?rest_route=%2Fwp%2Fv2%2Ftags&post=3626"}],"curies":[{"name":"wp","href":"https:\/\/api.w.org\/{rel}","templated":true}]}}