{"id":36255,"date":"2025-09-06T17:01:49","date_gmt":"2025-09-06T17:01:49","guid":{"rendered":"https:\/\/radiocresatelital.com\/?p=36255"},"modified":"2025-09-06T20:07:19","modified_gmt":"2025-09-06T20:07:19","slug":"feria-internacional-del-libro-2025-convierte-a-guayaquil-en-la-capital-de-la-lectura-el-pensamiento-y-la-creatividad-durante-cinco-dias-de-encuentro-cultural","status":"publish","type":"post","link":"https:\/\/radiocresatelital.com\/?p=36255","title":{"rendered":"Feria Internacional del Libro 2025 convierte a Guayaquil en la Capital de la lectura, el pensamiento y la creatividad durante cinco d\u00edas de encuentro cultural"},"content":{"rendered":"<p>Guayaquil.- Del 17 al 21 de septiembre, el Centro de Convenciones de Guayaquil ser\u00e1 el escenario de la 11\u00aa edici\u00f3n de la Feria Internacional del Libro de Guayaquil (FIL25), consolid\u00e1ndose como el encuentro cultural y literario m\u00e1s relevante del pa\u00eds. Con el lema \u201cUn legado contigo\u201d, un evento de Expoplaza con el apoyo de la Alcald\u00eda de Guayaquil, Construyendo la Ciudad de Todos.<\/p>\n<p>La FIL25 reunir\u00e1 a m\u00e1s de 40 escritores nacionales e internacionales y espera recibir a m\u00e1s de 30.000 visitantes<strong>. <\/strong>Durante cinco d\u00edas de programaci\u00f3n, la feria ofrecer\u00e1 un recorrido diverso en una zona de exposici\u00f3n que superar\u00e1 los 6.000 m\u00b2, con stands editoriales, actividades culturales y presentaciones de autores para todas las edades.<\/p>\n<p>Adem\u00e1s de la amplia zona expositiva, la feria contar\u00e1 con una programaci\u00f3n literaria y cultural de gran nivel, en la que participar\u00e1n reconocidos escritores de distintas partes del mundo y del pa\u00eds. Sus charlas, presentaciones y encuentros con el p\u00fablico ser\u00e1n el coraz\u00f3n de un evento<\/p>\n<p>que celebra la palabra escrita y el poder de la lectura para inspirar y conectar generaciones.<\/p>\n<p><strong>Autores internacionales<\/strong><strong>\u00a0<\/strong><\/p>\n<ul>\n<li><strong>H\u00e9ctor Abad Faciolince (Colombia): <\/strong>uno de los narradores m\u00e1s destacados de la literatura latinoamericana contempor\u00e1nea. Presentar\u00e1 su novela <em>Ahora y en la hora<\/em>, que dialoga con su cl\u00e1sico <em>El olvido que seremos<\/em>.<\/li>\n<li><strong>Eva Mu\u00f1oz (Colombia): <\/strong>fen\u00f3meno editorial juvenil de gran \u00e9xito en Latinoam\u00e9rica. Presentar\u00e1 <em>Boss<\/em>, la esperada continuaci\u00f3n de su saga, en un encuentro<\/li>\n<li><strong>Walter Riso (Italia): <\/strong>psic\u00f3logo y escritor reconocido internacionalmente en temas de amor propio, resiliencia y relaciones humanas.<\/li>\n<li><strong>Amalia Andrade (Colombia): <\/strong>autora de t\u00edtulos ic\u00f3nicos que conectan con lectores j\u00f3venes a trav\u00e9s del humor, la sensibilidad y la autenticidad.<\/li>\n<li><strong>Ana P\u00e9rez (Espa\u00f1a): <\/strong>novelista que aborda con cercan\u00eda las complejidades de la vida contempor\u00e1nea.<\/li>\n<li><strong>Javier Moro (Espa\u00f1a): <\/strong>uno de los escritores de narrativa hist\u00f3rica m\u00e1s reconocidos del \u00e1mbito hispano, ganador del Premio Planeta y con obras traducidas a m\u00e1s de 30.<\/li>\n<\/ul>\n<p><strong>Autores nacionales<\/strong><\/p>\n<p><strong>\u00a0<\/strong>El talento ecuatoriano tendr\u00e1 un rol protag\u00f3nico en la FIL Guayaquil 2025:<\/p>\n<ul>\n<li><strong>Solange Rodr\u00edguez (Guayaquil, 1976): <\/strong>referente de la narrativa breve, premiada con el Joaqu\u00edn Gallegos Lara.<strong>David Aguirre (Guayaquil, 1980): <\/strong>psic\u00f3logo cl\u00ednico y autor de <em>El Dios del \u00c1rbol <\/em>(2024), una voz emergente en la narrativa nacional.<\/li>\n<\/ul>\n<ul>\n<li><strong>Pa\u00fal Puma (Quito, 1972): <\/strong>poeta, dramaturgo y cr\u00edtico literario, autor de <em>Los versos animales<\/em>, galardonado con los premios Aurelio Espinosa P\u00f3lit y Joaqu\u00edn Gallegos<\/li>\n<li><strong>Margarita Laso (Quito, 1963): <\/strong>cantante, escritora y productora, considerada una de las voces m\u00e1s influyentes de la m\u00fasica y poes\u00eda nacional.<\/li>\n<\/ul>\n<p><strong>Concurso literario<\/strong><\/p>\n<p><strong>\u00a0<\/strong>Uno de los momentos m\u00e1s esperados ser\u00e1 el <strong>Premio Miguel Donoso Pareja<\/strong>, que reconoce a la mejor novela corta entre m\u00e1s de 40 participantes. El ganador se anunciar\u00e1 el <strong>mi\u00e9rcoles 17 de\u00a0<\/strong><strong>septiembre a las 12h00 locales (17h00 GMT)<\/strong>en la inauguraci\u00f3n de la feria, en homenaje al legado de uno de los escritores ecuatorianos m\u00e1s influyentes.<\/p>\n<p><strong>Actividades y programaci\u00f3n<\/strong><\/p>\n<p><strong>\u00a0<\/strong>Adem\u00e1s de las charlas literarias, tendremos concursos de microcuentos, trivias literarias para j\u00f3venes y el III Torneo de Ajedrez \u2018Gambito de Reina\u2019 para ni\u00f1os y j\u00f3venes, una iniciativa que se ha consolidado como un espacio de aprendizaje y desarrollo para ni\u00f1os y j\u00f3venes. Este torneo no solo promueve la sana competencia, sino que fomenta habilidades clave como la concentraci\u00f3n, la memoria, la disciplina y la toma de decisiones estrat\u00e9gicas, capacidades que tambi\u00e9n fortalecen el h\u00e1bito de la lectura al estimular el pensamiento cr\u00edtico y la creatividad. La integraci\u00f3n del ajedrez en la FIL refuerza la idea de que la cultura y el conocimiento se construyen desde distintas formas de pensamiento, convirtiendo cada partida en una met\u00e1fora del an\u00e1lisis y la imaginaci\u00f3n que tambi\u00e9n viven los lectores al sumergirse en los libros. Tambi\u00e9n se sumar\u00e1 la feria comercial con librer\u00edas, editoriales, ilustradores, universidades y clubes de lectura, as\u00ed como lanzamientos editoriales y celebraciones de aniversarios de casas editoras nacionales e internacionales.<\/p>\n<p><strong>Aniversarios destacados en la FIL25<\/strong><strong>\u00a0<\/strong><\/p>\n<ul>\n<li>150 a\u00f1os de la muerte de <strong>Hans Christian Andersen<\/strong>, autor <em>de El patito feo, La sirenita, El soldadito de plomo<\/em>.<\/li>\n<li>40 a\u00f1os de la creaci\u00f3n de <strong>Studio <\/strong><\/li>\n<li>190 a\u00f1os del nacimiento de <strong>Mark Twain<\/strong><em>, <\/em>autor de <em>Las aventuras de Tom Sawyer <\/em>y <em>Las aventuras de Huckleberry Finn<\/em>.<\/li>\n<\/ul>\n<p>La Feria Internacional del Libro de Guayaquil, invita a toda la ciudadan\u00eda a participar en esta celebraci\u00f3n que fortalece la identidad cultural de la ciudad y del pa\u00eds. Durante cinco d\u00edas, ser\u00e1 el punto de encuentro donde la lectura, el conocimiento y la creatividad se unen para inspirar a\u00a0miles de personas.<\/p>\n<p><strong>Fecha: <\/strong>17 al 21 de septiembre de 2025<\/p>\n<p><strong>Lugar: <\/strong>Centro de Convenciones de Guayaquil \u2013 Expoplaza<\/p>\n<p><strong>M\u00e1s informaci\u00f3n: <\/strong><a href=\"http:\/\/www.libroguayaquil.com\/\"><u>www.libroguayaquil.com<\/u><\/a><\/p>\n","protected":false},"excerpt":{"rendered":"<p>Guayaquil.- Del 17 al 21 de septiembre, el Centro de Convenciones de Guayaquil ser\u00e1 el escenario de la 11\u00aa edici\u00f3n de la Feria Internacional del Libro de Guayaquil (FIL25), consolid\u00e1ndose como el encuentro cultural y literario m\u00e1s relevante del pa\u00eds. Con el lema \u201cUn legado contigo\u201d, un evento de Expoplaza con el apoyo de la [&hellip;]<\/p>\n","protected":false},"author":2,"featured_media":36256,"comment_status":"open","ping_status":"closed","sticky":false,"template":"","format":"standard","meta":{"_jetpack_memberships_contains_paid_content":false,"footnotes":""},"categories":[13],"tags":[5753,5754],"class_list":["post-36255","post","type-post","status-publish","format-standard","has-post-thumbnail","hentry","category-noticias-nacionales","tag-feria-internacional-del-libro-de-guayaquil","tag-un-legado-contigo"],"jetpack_featured_media_url":"https:\/\/radiocresatelital.com\/wp-content\/uploads\/2025\/09\/WhatsApp-Image-2025-09-05-at-19.12.34.jpeg","jetpack_sharing_enabled":true,"_links":{"self":[{"href":"https:\/\/radiocresatelital.com\/index.php?rest_route=\/wp\/v2\/posts\/36255","targetHints":{"allow":["GET"]}}],"collection":[{"href":"https:\/\/radiocresatelital.com\/index.php?rest_route=\/wp\/v2\/posts"}],"about":[{"href":"https:\/\/radiocresatelital.com\/index.php?rest_route=\/wp\/v2\/types\/post"}],"author":[{"embeddable":true,"href":"https:\/\/radiocresatelital.com\/index.php?rest_route=\/wp\/v2\/users\/2"}],"replies":[{"embeddable":true,"href":"https:\/\/radiocresatelital.com\/index.php?rest_route=%2Fwp%2Fv2%2Fcomments&post=36255"}],"version-history":[{"count":2,"href":"https:\/\/radiocresatelital.com\/index.php?rest_route=\/wp\/v2\/posts\/36255\/revisions"}],"predecessor-version":[{"id":36258,"href":"https:\/\/radiocresatelital.com\/index.php?rest_route=\/wp\/v2\/posts\/36255\/revisions\/36258"}],"wp:featuredmedia":[{"embeddable":true,"href":"https:\/\/radiocresatelital.com\/index.php?rest_route=\/wp\/v2\/media\/36256"}],"wp:attachment":[{"href":"https:\/\/radiocresatelital.com\/index.php?rest_route=%2Fwp%2Fv2%2Fmedia&parent=36255"}],"wp:term":[{"taxonomy":"category","embeddable":true,"href":"https:\/\/radiocresatelital.com\/index.php?rest_route=%2Fwp%2Fv2%2Fcategories&post=36255"},{"taxonomy":"post_tag","embeddable":true,"href":"https:\/\/radiocresatelital.com\/index.php?rest_route=%2Fwp%2Fv2%2Ftags&post=36255"}],"curies":[{"name":"wp","href":"https:\/\/api.w.org\/{rel}","templated":true}]}}