{"id":36252,"date":"2025-09-06T16:58:27","date_gmt":"2025-09-06T16:58:27","guid":{"rendered":"https:\/\/radiocresatelital.com\/?p=36252"},"modified":"2025-09-06T20:01:04","modified_gmt":"2025-09-06T20:01:04","slug":"ekos-guayaquil-sustainable-experience-2025","status":"publish","type":"post","link":"https:\/\/radiocresatelital.com\/?p=36252","title":{"rendered":"EKOS Guayaquil Sustainable Experience 2025"},"content":{"rendered":"<p>Guayaquil.- El pr\u00f3ximo 9 de septiembre, la ciudad de Guayaquil ser\u00e1 el escenario de un evento sin precedentes: Ekos Guayaquil Sustainable Experience 2025, bajo el lema <em>\u00abImpulsando un futuro con prop\u00f3sito, hoy.\u00bb<\/em><\/p>\n<p>Ekos Guayaquil Sustainable Experience no es solo un evento. Es una plataforma inmersiva, inspiradora y con impacto real, donde las empresas l\u00edderes demostrar\u00e1n al pa\u00eds \u2013y al mundo\u2013 que el desarrollo sostenible se vive, se siente y se transforma.<\/p>\n<p>Por primera vez en Guayaquil, la sostenibilidad se presentar\u00e1 de forma vivencial, combinando experiencias sensoriales, conocimiento, innovaci\u00f3n y liderazgo.<\/p>\n<p>El evento se llevar\u00e1 a cabo en el <strong>Hotel Hilton Col\u00f3n<\/strong> y congregar\u00e1 a m\u00e1s de <strong>2.000 asistentes<\/strong>, incluyendo autoridades, gremios, academia, cooperaci\u00f3n internacional, empresas, l\u00edderes de sostenibilidad, ONGs y p\u00fablico en general.<\/p>\n<p><strong>Un espacio para la acci\u00f3n y la transformaci\u00f3n<\/strong><\/p>\n<p><strong>Guayaquil Sustainable Experience<\/strong> tiene como objetivo reunir a organizaciones comprometidas con el desarrollo sostenible del pa\u00eds, en un entorno \u00fanico para:<\/p>\n<ul>\n<li>Exponer pr\u00e1cticas empresariales sostenibles.<\/li>\n<li>Generar alianzas estrat\u00e9gicas.<\/li>\n<li>Debatir los desaf\u00edos y oportunidades de la <strong>Agenda 2030<\/strong>.<\/li>\n<\/ul>\n<p><strong>\u00bfQu\u00e9 encontrar\u00e1s en Guayaquil Sustainable Experience?<\/strong><\/p>\n<ul>\n<li><strong>Experiencias sensoriales e interactivas<\/strong>: como el t\u00fanel de pl\u00e1sticos en los oc\u00e9anos y actividades inmersivas sobre cambio clim\u00e1tico.<\/li>\n<li><strong>Zona Expo<\/strong>: donde las empresas exhibir\u00e1n sus buenas pr\u00e1cticas de sostenibilidad.<\/li>\n<li><strong>Reconocimientos especiales<\/strong> a los <strong>CEOs que impulsan la sostenibilidad<\/strong> en sus organizaciones.<\/li>\n<li><strong>Zona de Networking<\/strong>: para conectar con actores clave del ecosistema sostenible.<\/li>\n<li><strong>Conferencias y foros<\/strong> con expertos nacionales e internacionales de alto nivel.<\/li>\n<\/ul>\n<p><strong>Invitados internacionales destacados<\/strong><\/p>\n<p><strong>Isabel Garro<\/strong><br \/>\nChief Sustainable Officer en Votorantim Cimentos. Fue asesora especial del Alto Comisionado para la Agenda 2030 del Gobierno de Espa\u00f1a y Directora General de la Red Espa\u00f1ola del Pacto Mundial de Naciones Unidas por 14 a\u00f1os.<\/p>\n<p><strong>Alexandra Cousteau<\/strong><br \/>\nExploradora de National Geographic y fundadora de la iniciativa <em>Oceans 2050<\/em>. Heredera del legado de Jacques Cousteau, ha dedicado su vida a la protecci\u00f3n del oc\u00e9ano y la sostenibilidad marina a nivel global.<\/p>\n<p><strong>Liderazgo y visi\u00f3n<\/strong><\/p>\n<p>El evento ser\u00e1 liderado por <strong>Ricardo Due\u00f1as Novoa<\/strong>, CEO de Grupo Ekos, reconocido por Metro World News y Metro Ecuador como el empresario que m\u00e1s ha contribuido a la sostenibilidad en Ecuador durante dos a\u00f1os consecutivos.<br \/>\nEn 2020, fue destacado por UNITAR (Instituto de las Naciones Unidas para Formaci\u00f3n Profesional e Investigaciones) por su liderazgo en la promoci\u00f3n de la Agenda 2030 en Latinoam\u00e9rica, y reconocido por Naciones Unidas como <strong>Global Champion<\/strong> de los <strong>Objetivos de Desarrollo Sostenible (ODS).<\/strong><\/p>\n<p><strong>Alianzas estrat\u00e9gicas<\/strong><\/p>\n<p>Guayaquil Sustainable Experience cuenta con el respaldo de importantes organismos y organizaciones aliadas, entre ellas:<br \/>\n<strong>BID, WWF, UNESCO, BRITCHAM, CAF, CIPEM, AEI, C\u00e1mara de Comercio Ecuatoriano-Argentina, CITEC, Great Place to Work, ICLEI, IPSOS<\/strong>, entre otras.<\/p>\n<p><strong>Informaci\u00f3n adicional<\/strong><\/p>\n<ul>\n<li><strong>Venta de entradas:<\/strong> Disponible en <em>Buen Plan<\/em>.<br \/>\n<u>https:\/\/www.buenplan.com.ec\/event\/ekos-sustainable-experience-2025-guayaquil<\/u><\/li>\n<li><strong>Postulaciones para becas:<\/strong> <a href=\"https:\/\/forms.gle\/ViT9dmJKpxstaPo68\">https:\/\/forms.gle\/ViT9dmJKpxstaPo68<\/a><\/li>\n<li><strong>Aforo limitado:<\/strong> Se recomienda asegurar participaci\u00f3n con anticipaci\u00f3n.<\/li>\n<\/ul>\n","protected":false},"excerpt":{"rendered":"<p>Guayaquil.- El pr\u00f3ximo 9 de septiembre, la ciudad de Guayaquil ser\u00e1 el escenario de un evento sin precedentes: Ekos Guayaquil Sustainable Experience 2025, bajo el lema \u00abImpulsando un futuro con prop\u00f3sito, hoy.\u00bb Ekos Guayaquil Sustainable Experience no es solo un evento. Es una plataforma inmersiva, inspiradora y con impacto real, donde las empresas l\u00edderes demostrar\u00e1n [&hellip;]<\/p>\n","protected":false},"author":2,"featured_media":36253,"comment_status":"open","ping_status":"closed","sticky":false,"template":"","format":"standard","meta":{"_jetpack_memberships_contains_paid_content":false,"footnotes":""},"categories":[13],"tags":[5752],"class_list":["post-36252","post","type-post","status-publish","format-standard","has-post-thumbnail","hentry","category-noticias-nacionales","tag-guayaquil-sustainable-experience-2025"],"jetpack_featured_media_url":"https:\/\/radiocresatelital.com\/wp-content\/uploads\/2025\/09\/WhatsApp-Image-2025-09-05-at-19.01.16.jpeg","jetpack_sharing_enabled":true,"_links":{"self":[{"href":"https:\/\/radiocresatelital.com\/index.php?rest_route=\/wp\/v2\/posts\/36252","targetHints":{"allow":["GET"]}}],"collection":[{"href":"https:\/\/radiocresatelital.com\/index.php?rest_route=\/wp\/v2\/posts"}],"about":[{"href":"https:\/\/radiocresatelital.com\/index.php?rest_route=\/wp\/v2\/types\/post"}],"author":[{"embeddable":true,"href":"https:\/\/radiocresatelital.com\/index.php?rest_route=\/wp\/v2\/users\/2"}],"replies":[{"embeddable":true,"href":"https:\/\/radiocresatelital.com\/index.php?rest_route=%2Fwp%2Fv2%2Fcomments&post=36252"}],"version-history":[{"count":1,"href":"https:\/\/radiocresatelital.com\/index.php?rest_route=\/wp\/v2\/posts\/36252\/revisions"}],"predecessor-version":[{"id":36254,"href":"https:\/\/radiocresatelital.com\/index.php?rest_route=\/wp\/v2\/posts\/36252\/revisions\/36254"}],"wp:featuredmedia":[{"embeddable":true,"href":"https:\/\/radiocresatelital.com\/index.php?rest_route=\/wp\/v2\/media\/36253"}],"wp:attachment":[{"href":"https:\/\/radiocresatelital.com\/index.php?rest_route=%2Fwp%2Fv2%2Fmedia&parent=36252"}],"wp:term":[{"taxonomy":"category","embeddable":true,"href":"https:\/\/radiocresatelital.com\/index.php?rest_route=%2Fwp%2Fv2%2Fcategories&post=36252"},{"taxonomy":"post_tag","embeddable":true,"href":"https:\/\/radiocresatelital.com\/index.php?rest_route=%2Fwp%2Fv2%2Ftags&post=36252"}],"curies":[{"name":"wp","href":"https:\/\/api.w.org\/{rel}","templated":true}]}}