{"id":36235,"date":"2025-09-06T19:37:38","date_gmt":"2025-09-06T19:37:38","guid":{"rendered":"https:\/\/radiocresatelital.com\/?p=36235"},"modified":"2025-09-06T19:38:56","modified_gmt":"2025-09-06T19:38:56","slug":"convencion-nacional-de-adn-confirma-como-presidente-a-daniel-noboa","status":"publish","type":"post","link":"https:\/\/radiocresatelital.com\/?p=36235","title":{"rendered":"Convenci\u00f3n Nacional de ADN confirma como Presidente a Daniel Noboa"},"content":{"rendered":"<p>Guayaquil.- Este s\u00e1bado 6 de septiembre de 2025, Daniel Noboa fue oficialmente designado como Presidente del Movimiento Acci\u00f3n Democr\u00e1tica Nacional (ADN) durante la convenci\u00f3n nacional que se llev\u00f3 a cabo en Guayaquil, la misma que se realiz\u00f3 en el Coliseo \u00abVoltaire Paladines Polo\u00bb.<\/p>\n<p>En la convocatoria estuvieron presente simpatizantes, dirigentes y funcionarios del Gobierno, quienes se dieron cita para planificar las estrategias del partido rumbo a las elecciones seccionales del 2027. El recinto estuvo lleno, reflejando el respaldo que tiene el movimiento liderado por Noboa.<\/p>\n<p>Durante la convenci\u00f3n, el Tribunal Electoral de ADN confirm\u00f3 a Daniel Noboa como Presidencia del Movimiento, quien fue recibido con un reconocimiento y muchos aplausos de sus seguidores.<\/p>\n<p>La renovaci\u00f3n del liderazgo, tambi\u00e9n incluy\u00f3 a otros altos funcionarios, como la Vicepresidenta Mar\u00eda Jos\u00e9 Pinto, quien asumi\u00f3 la direcci\u00f3n del partido en la provincia de Pichincha.<\/p>\n<p><img decoding=\"async\" class=\"aligncenter\" src=\"https:\/\/www.ecuavisa.com\/binrepository\/825x619\/0c10\/825d600\/none\/11705\/TDUJ\/convencion-nacional-adn_2402722_20250906104140.jpg\" alt=\"EN VIVO | Daniel Noboa en la convenci\u00f3n nacional de ADN: &quot;Somos criticados  por los que nunca pudieron hacer nada&quot;\" \/>Entre los asistentes se destac\u00f3 la presencia del Presidente de la Asamblea Nacional, Niels Olsen, quien hizo un llamado a la Corte Constitucional para considerar con sensibilidad la consulta popular convocada para noviembre, en el contexto social y econ\u00f3mico que vive el pa\u00eds.<\/p>\n<p>Por otro lado, Zaida Rovira, Ministra de Gobierno indic\u00f3 que la marcha convocada por Noboa para el 11 de septiembre en Guayaquil, ser\u00e1 en apoyo a las decisiones del Gobierno Nacional.<\/p>\n<p>Con este respaldo oficial, ADN inici\u00f3 su nueva etapa de organizaci\u00f3n y fortalecimiento, mientras se prepara para enfrentar los retos pol\u00edticos que vienen en los pr\u00f3ximos a\u00f1os.<\/p>\n<p>Reportera: Ver\u00f3nica Chal\u00e9n Rosas<br \/>\n<a href=\"mailto:vchalenr@unemi.edu.ec\">vchalenr@unemi.edu.ec<\/a><\/p>\n","protected":false},"excerpt":{"rendered":"<p>Guayaquil.- Este s\u00e1bado 6 de septiembre de 2025, Daniel Noboa fue oficialmente designado como Presidente del Movimiento Acci\u00f3n Democr\u00e1tica Nacional (ADN) durante la convenci\u00f3n nacional que se llev\u00f3 a cabo en Guayaquil, la misma que se realiz\u00f3 en el Coliseo \u00abVoltaire Paladines Polo\u00bb. En la convocatoria estuvieron presente simpatizantes, dirigentes y funcionarios del Gobierno, quienes [&hellip;]<\/p>\n","protected":false},"author":2,"featured_media":36236,"comment_status":"open","ping_status":"closed","sticky":false,"template":"","format":"standard","meta":{"_jetpack_memberships_contains_paid_content":false,"footnotes":""},"categories":[13],"tags":[5749],"class_list":["post-36235","post","type-post","status-publish","format-standard","has-post-thumbnail","hentry","category-noticias-nacionales","tag-convencion-adn"],"jetpack_featured_media_url":"https:\/\/radiocresatelital.com\/wp-content\/uploads\/2025\/09\/WhatsApp-Image-2025-09-06-at-14.32.22.jpeg","jetpack_sharing_enabled":true,"_links":{"self":[{"href":"https:\/\/radiocresatelital.com\/index.php?rest_route=\/wp\/v2\/posts\/36235","targetHints":{"allow":["GET"]}}],"collection":[{"href":"https:\/\/radiocresatelital.com\/index.php?rest_route=\/wp\/v2\/posts"}],"about":[{"href":"https:\/\/radiocresatelital.com\/index.php?rest_route=\/wp\/v2\/types\/post"}],"author":[{"embeddable":true,"href":"https:\/\/radiocresatelital.com\/index.php?rest_route=\/wp\/v2\/users\/2"}],"replies":[{"embeddable":true,"href":"https:\/\/radiocresatelital.com\/index.php?rest_route=%2Fwp%2Fv2%2Fcomments&post=36235"}],"version-history":[{"count":3,"href":"https:\/\/radiocresatelital.com\/index.php?rest_route=\/wp\/v2\/posts\/36235\/revisions"}],"predecessor-version":[{"id":36239,"href":"https:\/\/radiocresatelital.com\/index.php?rest_route=\/wp\/v2\/posts\/36235\/revisions\/36239"}],"wp:featuredmedia":[{"embeddable":true,"href":"https:\/\/radiocresatelital.com\/index.php?rest_route=\/wp\/v2\/media\/36236"}],"wp:attachment":[{"href":"https:\/\/radiocresatelital.com\/index.php?rest_route=%2Fwp%2Fv2%2Fmedia&parent=36235"}],"wp:term":[{"taxonomy":"category","embeddable":true,"href":"https:\/\/radiocresatelital.com\/index.php?rest_route=%2Fwp%2Fv2%2Fcategories&post=36235"},{"taxonomy":"post_tag","embeddable":true,"href":"https:\/\/radiocresatelital.com\/index.php?rest_route=%2Fwp%2Fv2%2Ftags&post=36235"}],"curies":[{"name":"wp","href":"https:\/\/api.w.org\/{rel}","templated":true}]}}