{"id":36230,"date":"2025-09-06T19:28:51","date_gmt":"2025-09-06T19:28:51","guid":{"rendered":"https:\/\/radiocresatelital.com\/?p=36230"},"modified":"2025-09-06T19:28:51","modified_gmt":"2025-09-06T19:28:51","slug":"riesgo-pais-del-ecuador-cae-a-716-puntos-su-nivel-mas-bajo-en-mas-de-tres-anos-y-medio","status":"publish","type":"post","link":"https:\/\/radiocresatelital.com\/?p=36230","title":{"rendered":"Riesgo pa\u00eds del Ecuador cae a 716 puntos, su nivel m\u00e1s bajo en m\u00e1s de tres a\u00f1os y medio"},"content":{"rendered":"<p>Quito.- El indicador de Riesgo Pa\u00eds de Ecuador registr\u00f3 una ca\u00edda significativa, ubic\u00e1ndose en 716 puntos. Este valor marca el nivel m\u00e1s bajo en m\u00e1s de tres a\u00f1os y medio, reflejando la creciente confianza de los mercados internacionales en la solidez y viabilidad del plan de Gobierno del Presidente Daniel Noboa.<\/p>\n<p>Este descenso se acentu\u00f3 tras los resultados positivos generados por el respaldo internacional, como la reciente visita del secretario de Estado de los Estados Unidos, Marco Rubio. Sus anuncios de apoyo para ampliar las relaciones econ\u00f3micas y fortalecer los lazos bilaterales en \u00e1reas estrat\u00e9gicas han sido clave.<\/p>\n<p><strong>Un logro de la gesti\u00f3n de gobierno<\/strong><br \/>\nDesde que el presidente Noboa inici\u00f3 su gesti\u00f3n en noviembre de 2023, cuando el riesgo pa\u00eds alcanz\u00f3 los 2.016 puntos, el indicador se ha reducido en 1.300 puntos. Este resultado es un reflejo del respaldo internacional a las reformas y acciones emprendidas por el Ejecutivo, as\u00ed como un indicador de la confianza en la estabilidad institucional del pa\u00eds.<\/p>\n<p>Un menor riesgo pa\u00eds significa financiamiento m\u00e1s barato para el desarrollo de Ecuador, lo que a su vez se traduce en mayores inversiones, m\u00e1s generaci\u00f3n de empleo y una mayor estabilidad econ\u00f3mica.<\/p>\n<p><strong>\u00bfQu\u00e9 es el riesgo pa\u00eds?<\/strong><br \/>\nEl riesgo pa\u00eds mide la percepci\u00f3n de los inversionistas sobre la capacidad de una naci\u00f3n para cumplir con sus obligaciones financieras. Una baja en este \u00edndice se traduce en un entorno m\u00e1s favorable para atraer inversi\u00f3n extranjera, acceder a nuevas oportunidades de financiamiento en condiciones m\u00e1s competitivas y fortalecer la econom\u00eda nacional.<\/p>\n","protected":false},"excerpt":{"rendered":"<p>Quito.- El indicador de Riesgo Pa\u00eds de Ecuador registr\u00f3 una ca\u00edda significativa, ubic\u00e1ndose en 716 puntos. Este valor marca el nivel m\u00e1s bajo en m\u00e1s de tres a\u00f1os y medio, reflejando la creciente confianza de los mercados internacionales en la solidez y viabilidad del plan de Gobierno del Presidente Daniel Noboa. Este descenso se acentu\u00f3 [&hellip;]<\/p>\n","protected":false},"author":2,"featured_media":36231,"comment_status":"open","ping_status":"closed","sticky":false,"template":"","format":"standard","meta":{"_jetpack_memberships_contains_paid_content":false,"footnotes":""},"categories":[13],"tags":[1322,5748],"class_list":["post-36230","post","type-post","status-publish","format-standard","has-post-thumbnail","hentry","category-noticias-nacionales","tag-presidente-daniel-noboa","tag-riesgo-pais"],"jetpack_featured_media_url":"https:\/\/radiocresatelital.com\/wp-content\/uploads\/2025\/09\/El-riesgo-pais-de-Ecuador-ha-alcanzado-su-nivel-mas-bajo-en-19-meses-situandose-en-978-puntos-el-29-de-enero-de-2025-1024x512-1.jpg","jetpack_sharing_enabled":true,"_links":{"self":[{"href":"https:\/\/radiocresatelital.com\/index.php?rest_route=\/wp\/v2\/posts\/36230","targetHints":{"allow":["GET"]}}],"collection":[{"href":"https:\/\/radiocresatelital.com\/index.php?rest_route=\/wp\/v2\/posts"}],"about":[{"href":"https:\/\/radiocresatelital.com\/index.php?rest_route=\/wp\/v2\/types\/post"}],"author":[{"embeddable":true,"href":"https:\/\/radiocresatelital.com\/index.php?rest_route=\/wp\/v2\/users\/2"}],"replies":[{"embeddable":true,"href":"https:\/\/radiocresatelital.com\/index.php?rest_route=%2Fwp%2Fv2%2Fcomments&post=36230"}],"version-history":[{"count":1,"href":"https:\/\/radiocresatelital.com\/index.php?rest_route=\/wp\/v2\/posts\/36230\/revisions"}],"predecessor-version":[{"id":36232,"href":"https:\/\/radiocresatelital.com\/index.php?rest_route=\/wp\/v2\/posts\/36230\/revisions\/36232"}],"wp:featuredmedia":[{"embeddable":true,"href":"https:\/\/radiocresatelital.com\/index.php?rest_route=\/wp\/v2\/media\/36231"}],"wp:attachment":[{"href":"https:\/\/radiocresatelital.com\/index.php?rest_route=%2Fwp%2Fv2%2Fmedia&parent=36230"}],"wp:term":[{"taxonomy":"category","embeddable":true,"href":"https:\/\/radiocresatelital.com\/index.php?rest_route=%2Fwp%2Fv2%2Fcategories&post=36230"},{"taxonomy":"post_tag","embeddable":true,"href":"https:\/\/radiocresatelital.com\/index.php?rest_route=%2Fwp%2Fv2%2Ftags&post=36230"}],"curies":[{"name":"wp","href":"https:\/\/api.w.org\/{rel}","templated":true}]}}