{"id":36227,"date":"2025-09-06T19:25:49","date_gmt":"2025-09-06T19:25:49","guid":{"rendered":"https:\/\/radiocresatelital.com\/?p=36227"},"modified":"2025-09-06T19:25:49","modified_gmt":"2025-09-06T19:25:49","slug":"proxima-sesion-para-tratar-proyecto-minero-loma-larga-pedida-por-el-concejo-cantonal-sera-en-cuenca","status":"publish","type":"post","link":"https:\/\/radiocresatelital.com\/?p=36227","title":{"rendered":"Pr\u00f3xima sesi\u00f3n para tratar \u201cProyecto Minero Loma Larga\u201d pedida por el Concejo Cantonal, ser\u00e1 en Cuenca"},"content":{"rendered":"<p>Cuenca.- El Concejo Cantonal de Cuenca exigi\u00f3 a Camila Le\u00f3n, Presidenta de la Comisi\u00f3n de Biodiversidad, que las sesiones de esta comisi\u00f3n se efect\u00faen en la ciudad, para facilitar la participaci\u00f3n ciudadana, por el proyecto minero Loma Larga en Quimsacocha.<\/p>\n<p>Entre un per\u00edodo de tensi\u00f3n social y pol\u00edtica, debido a la paralizaci\u00f3n moment\u00e1nea del proyecto minero, que actualmente est\u00e1 en la espera por la Empresa Canadiense Dundee Precious Metals, con la finalidad de presentar el Plan de Manejo Ambiental, conforme a lo dispuesto por el Ministerio del Ambiente.<\/p>\n<p>Antes de la sesi\u00f3n del 5 de septiembre de 2025, el Concejo Cantonal emiti\u00f3 la resoluci\u00f3n de invitar a la asamble\u00edsta Camila Le\u00f3n para sesionar en Cuenca, con la Comisi\u00f3n Especializada Permanente de Biodiversidad y Recursos Naturales, para garantizar la participaci\u00f3n local y el acceso a un di\u00e1logo abierto.<\/p>\n<p>El Proyecto Minero Loma Larga, genera divisi\u00f3n en Cuenca, entre quienes verifican el desarrollo econ\u00f3mico ligado al oro, y otros temen por la seguridad h\u00eddrica. Camila Le\u00f3n, Presidenta de la Comisi\u00f3n, ha sido objeto de cr\u00edticas por votar en contra de incluir en la agenda una comparecencia de la Ministra del Ambiente, Mar\u00eda Luisa Cruz, para aclarar aspectos relacionados con el proyecto.<\/p>\n<p>Esta moci\u00f3n fue presentada el 2 de septiembre por el asamble\u00edsta Gerardo Machado, de la Revoluci\u00f3n Ciudadana, y apoyada por Adri\u00e1n Castro y Antonhy Becerra, del Movimiento ADN. Sin embargo, Le\u00f3n y Diego Matovelle votaron en contra, lo que deriv\u00f3 en un empate de 67 votos a favor y 67 en contra, con tres abstenciones, impidiendo el cambio de agenda.<\/p>\n<p>La construcci\u00f3n de una mina subterr\u00e1nea de gran escala, contempla el proyecto con una inversi\u00f3n de 419 millones de d\u00f3lares y una vida \u00fatil de 12 a\u00f1os, con reservas aproximadas de 926.000 onzas de oro, as\u00ed como plata y cobre, planeando iniciar la construcci\u00f3n finales del 2025.<\/p>\n<p>Por ello, las organizaciones sociales con creciente apoyo pol\u00edtico y colectivo, se preparan para una marcha masiva el pr\u00f3ximo 16 de septiembre, en rechazo al proyecto minero.<\/p>\n<p>Reportera: Ver\u00f3nica Chal\u00e9n Rosas<br \/>\n<a href=\"mailto:vchalenr@unemi.edu.ec\">vchalenr@unemi.edu.ec<\/a><\/p>\n","protected":false},"excerpt":{"rendered":"<p>Cuenca.- El Concejo Cantonal de Cuenca exigi\u00f3 a Camila Le\u00f3n, Presidenta de la Comisi\u00f3n de Biodiversidad, que las sesiones de esta comisi\u00f3n se efect\u00faen en la ciudad, para facilitar la participaci\u00f3n ciudadana, por el proyecto minero Loma Larga en Quimsacocha. Entre un per\u00edodo de tensi\u00f3n social y pol\u00edtica, debido a la paralizaci\u00f3n moment\u00e1nea del proyecto [&hellip;]<\/p>\n","protected":false},"author":2,"featured_media":36228,"comment_status":"open","ping_status":"closed","sticky":false,"template":"","format":"standard","meta":{"_jetpack_memberships_contains_paid_content":false,"footnotes":""},"categories":[13],"tags":[5747],"class_list":["post-36227","post","type-post","status-publish","format-standard","has-post-thumbnail","hentry","category-noticias-nacionales","tag-proyecto-minero-loma-larga"],"jetpack_featured_media_url":"https:\/\/radiocresatelital.com\/wp-content\/uploads\/2025\/09\/WhatsApp-Image-2025-09-06-at-13.07.41.jpeg","jetpack_sharing_enabled":true,"_links":{"self":[{"href":"https:\/\/radiocresatelital.com\/index.php?rest_route=\/wp\/v2\/posts\/36227","targetHints":{"allow":["GET"]}}],"collection":[{"href":"https:\/\/radiocresatelital.com\/index.php?rest_route=\/wp\/v2\/posts"}],"about":[{"href":"https:\/\/radiocresatelital.com\/index.php?rest_route=\/wp\/v2\/types\/post"}],"author":[{"embeddable":true,"href":"https:\/\/radiocresatelital.com\/index.php?rest_route=\/wp\/v2\/users\/2"}],"replies":[{"embeddable":true,"href":"https:\/\/radiocresatelital.com\/index.php?rest_route=%2Fwp%2Fv2%2Fcomments&post=36227"}],"version-history":[{"count":1,"href":"https:\/\/radiocresatelital.com\/index.php?rest_route=\/wp\/v2\/posts\/36227\/revisions"}],"predecessor-version":[{"id":36229,"href":"https:\/\/radiocresatelital.com\/index.php?rest_route=\/wp\/v2\/posts\/36227\/revisions\/36229"}],"wp:featuredmedia":[{"embeddable":true,"href":"https:\/\/radiocresatelital.com\/index.php?rest_route=\/wp\/v2\/media\/36228"}],"wp:attachment":[{"href":"https:\/\/radiocresatelital.com\/index.php?rest_route=%2Fwp%2Fv2%2Fmedia&parent=36227"}],"wp:term":[{"taxonomy":"category","embeddable":true,"href":"https:\/\/radiocresatelital.com\/index.php?rest_route=%2Fwp%2Fv2%2Fcategories&post=36227"},{"taxonomy":"post_tag","embeddable":true,"href":"https:\/\/radiocresatelital.com\/index.php?rest_route=%2Fwp%2Fv2%2Ftags&post=36227"}],"curies":[{"name":"wp","href":"https:\/\/api.w.org\/{rel}","templated":true}]}}